{"id":4520,"date":"2018-11-15T13:10:27","date_gmt":"2018-11-15T13:10:27","guid":{"rendered":"https:\/\/rivera.gub.uy\/social\/?p=4520"},"modified":"2018-11-29T13:07:03","modified_gmt":"2018-11-29T13:07:03","slug":"las-artesanas-que-transforman-basura-en-arte","status":"publish","type":"post","link":"https:\/\/www.rivera.gub.uy\/social\/las-artesanas-que-transforman-basura-en-arte\/","title":{"rendered":"Las artesanas que transforman basura en arte"},"content":{"rendered":"<p><span style=\"font-weight: 400;\">Organizada por la Intendencia Departamental de Rivera, \u00a0Rivera Brilla llega a su tercera edici\u00f3n nacida de diversos grupos \u00a0que hacen posible la realizaci\u00f3n de la decoraci\u00f3n, iluminaci\u00f3n y programaci\u00f3n art\u00edstico\/cultural. Son escolares, liceales, clasificadores, \u00a0centros barriales, artesanas, diferentes \u00e1reas de la intendencia, el ingenio popular y profesionales que estampan este sue\u00f1o hecho realidad. Empresarios y ciudadanos se suman a esta fiesta tan nuestra que ya se consolida como una tradici\u00f3n riverense.<\/span><\/p>\n<p><span style=\"font-weight: 400;\">Cuando se prenda la primera de las miles de bombillas LED que tendr\u00e1 el Rivera Brilla de este a\u00f1o, adem\u00e1s de maravillarse con los dise\u00f1os, det\u00e9ngase a pensar en las personas que hicieron posible este espect\u00e1culo.<\/span><!--more--><\/p>\n<p>El Rivera Brilla se construye en diversos talleres de la ciudad, uno de ellos ubicado en el Shopping Melancia. \u00a0All\u00ed, 20 manos trabajan desde hace meses para que vecinos y turistas se sorprendan con el ingenio que encanta cada diciembre.<\/p>\n<figure id=\"attachment_4529\" aria-describedby=\"caption-attachment-4529\" style=\"width: 294px\" class=\"wp-caption aligncenter\"><a href=\"https:\/\/rivera.gub.uy\/social\/wp-content\/uploads\/2018\/11\/DSC_0362.jpg\"><img loading=\"lazy\" decoding=\"async\" class=\"wp-image-4529\" src=\"https:\/\/rivera.gub.uy\/social\/wp-content\/uploads\/2018\/11\/DSC_0362.jpg\" alt=\"\" width=\"294\" height=\"440\" srcset=\"https:\/\/www.rivera.gub.uy\/social\/wp-content\/uploads\/2018\/11\/DSC_0362.jpg 3000w, https:\/\/www.rivera.gub.uy\/social\/wp-content\/uploads\/2018\/11\/DSC_0362-200x300.jpg 200w, https:\/\/www.rivera.gub.uy\/social\/wp-content\/uploads\/2018\/11\/DSC_0362-768x1151.jpg 768w, https:\/\/www.rivera.gub.uy\/social\/wp-content\/uploads\/2018\/11\/DSC_0362-683x1024.jpg 683w, https:\/\/www.rivera.gub.uy\/social\/wp-content\/uploads\/2018\/11\/DSC_0362-820x1229.jpg 820w\" sizes=\"(max-width: 294px) 100vw, 294px\" \/><\/a><figcaption id=\"caption-attachment-4529\" class=\"wp-caption-text\">Marianella De Barros coordina el taller de elementos creados con material reciclado. Foto: Rinaldo Mora\/ Prensa IDR<\/figcaption><\/figure>\n<p><span style=\"font-weight: 400;\">\u00abUtilizamos m\u00e1s de 70000 botellas para esta decoraci\u00f3n. Con un equipo formado por mujeres artesanas, venimos trabajando durante varios meses para construir estas estructuras hechas de botellas recicladas. Esto muestra como algo que va a la basura, puede transformarse en algo lindo, algo decorativo. Invitamos a que, en estas fiestas, \u00a0todos reflexionen sobre la separaci\u00f3n correcta de los desechos, a que cuidemos el Planeta que vamos a dejar para nuestros hijos y nietos. El reciclado es el futuro del mundo\u00bb, destaca Marianella de Barros, coordinadora del taller de producci\u00f3n de elementos del Rivera Brilla hechos con materiales reciclados.<\/span><\/p>\n<p><span style=\"font-weight: 400;\">M\u00e1s all\u00e1 del trabajo que vienen realizado, la fuerza de estas mujeres es un ejemplo. La mayor\u00eda es jefa de familia y estos meses de trabajo creativo las motiva a\u00fan m\u00e1s a buscar nuevos caminos con las artesan\u00edas.<\/span><\/p>\n<div id='gallery-1' class='gallery galleryid-4520 gallery-columns-2 gallery-size-medium'><figure class='gallery-item'>\n\t\t\t<div class='gallery-icon portrait'>\n\t\t\t\t<a href='https:\/\/www.rivera.gub.uy\/social\/wp-content\/uploads\/2018\/11\/DSC_0329-min.jpg'><img loading=\"lazy\" decoding=\"async\" width=\"200\" height=\"300\" src=\"https:\/\/www.rivera.gub.uy\/social\/wp-content\/uploads\/2018\/11\/DSC_0329-min-200x300.jpg\" class=\"attachment-medium size-medium\" alt=\"\" srcset=\"https:\/\/www.rivera.gub.uy\/social\/wp-content\/uploads\/2018\/11\/DSC_0329-min-200x300.jpg 200w, https:\/\/www.rivera.gub.uy\/social\/wp-content\/uploads\/2018\/11\/DSC_0329-min-768x1151.jpg 768w, https:\/\/www.rivera.gub.uy\/social\/wp-content\/uploads\/2018\/11\/DSC_0329-min-683x1024.jpg 683w, https:\/\/www.rivera.gub.uy\/social\/wp-content\/uploads\/2018\/11\/DSC_0329-min-820x1229.jpg 820w\" sizes=\"(max-width: 200px) 100vw, 200px\" \/><\/a>\n\t\t\t<\/div><\/figure><figure class='gallery-item'>\n\t\t\t<div class='gallery-icon portrait'>\n\t\t\t\t<a href='https:\/\/www.rivera.gub.uy\/social\/wp-content\/uploads\/2018\/11\/DSC_0357-min.jpg'><img loading=\"lazy\" decoding=\"async\" width=\"200\" height=\"300\" src=\"https:\/\/www.rivera.gub.uy\/social\/wp-content\/uploads\/2018\/11\/DSC_0357-min-200x300.jpg\" class=\"attachment-medium size-medium\" alt=\"\" srcset=\"https:\/\/www.rivera.gub.uy\/social\/wp-content\/uploads\/2018\/11\/DSC_0357-min-200x300.jpg 200w, https:\/\/www.rivera.gub.uy\/social\/wp-content\/uploads\/2018\/11\/DSC_0357-min-768x1151.jpg 768w, https:\/\/www.rivera.gub.uy\/social\/wp-content\/uploads\/2018\/11\/DSC_0357-min-683x1024.jpg 683w, https:\/\/www.rivera.gub.uy\/social\/wp-content\/uploads\/2018\/11\/DSC_0357-min-820x1229.jpg 820w\" sizes=\"(max-width: 200px) 100vw, 200px\" \/><\/a>\n\t\t\t<\/div><\/figure><figure class='gallery-item'>\n\t\t\t<div class='gallery-icon portrait'>\n\t\t\t\t<a href='https:\/\/www.rivera.gub.uy\/social\/wp-content\/uploads\/2018\/11\/DSC_0324-min.jpg'><img loading=\"lazy\" decoding=\"async\" width=\"200\" height=\"300\" src=\"https:\/\/www.rivera.gub.uy\/social\/wp-content\/uploads\/2018\/11\/DSC_0324-min-200x300.jpg\" class=\"attachment-medium size-medium\" alt=\"\" srcset=\"https:\/\/www.rivera.gub.uy\/social\/wp-content\/uploads\/2018\/11\/DSC_0324-min-200x300.jpg 200w, https:\/\/www.rivera.gub.uy\/social\/wp-content\/uploads\/2018\/11\/DSC_0324-min-768x1151.jpg 768w, https:\/\/www.rivera.gub.uy\/social\/wp-content\/uploads\/2018\/11\/DSC_0324-min-683x1024.jpg 683w, https:\/\/www.rivera.gub.uy\/social\/wp-content\/uploads\/2018\/11\/DSC_0324-min-820x1229.jpg 820w\" sizes=\"(max-width: 200px) 100vw, 200px\" \/><\/a>\n\t\t\t<\/div><\/figure>\n\t\t<\/div>\n\n<p><span style=\"font-weight: 400;\">\u00abEn esta \u00e9poca se aceleran los trabajos. Pero m\u00e1s all\u00e1 del tiempo, es la alegr\u00eda de todos los que hacemos parte del Rivera Brilla. Cuando uno hace lo que le gusta y \u00a0ve el resultado en la sonrisa de la gente todo vale la pena\u201d, explica Silvana da Rosa , artesana desde hace 3 a\u00f1os integra el equipo que crea los elementos decorativos creados con reciclaje.<\/span><\/p>\n<figure id=\"attachment_4530\" aria-describedby=\"caption-attachment-4530\" style=\"width: 366px\" class=\"wp-caption aligncenter\"><a href=\"https:\/\/rivera.gub.uy\/social\/wp-content\/uploads\/2018\/11\/DSC_0371.jpg\"><img loading=\"lazy\" decoding=\"async\" class=\"wp-image-4530\" src=\"https:\/\/rivera.gub.uy\/social\/wp-content\/uploads\/2018\/11\/DSC_0371.jpg\" alt=\"\" width=\"366\" height=\"549\" srcset=\"https:\/\/www.rivera.gub.uy\/social\/wp-content\/uploads\/2018\/11\/DSC_0371.jpg 3000w, https:\/\/www.rivera.gub.uy\/social\/wp-content\/uploads\/2018\/11\/DSC_0371-200x300.jpg 200w, https:\/\/www.rivera.gub.uy\/social\/wp-content\/uploads\/2018\/11\/DSC_0371-768x1151.jpg 768w, https:\/\/www.rivera.gub.uy\/social\/wp-content\/uploads\/2018\/11\/DSC_0371-683x1024.jpg 683w, https:\/\/www.rivera.gub.uy\/social\/wp-content\/uploads\/2018\/11\/DSC_0371-820x1229.jpg 820w\" sizes=\"(max-width: 366px) 100vw, 366px\" \/><\/a><figcaption id=\"caption-attachment-4530\" class=\"wp-caption-text\">Silvana Da Rosa trabaja como artesana desde hace muchos a\u00f1os. Integra el equipo de Rivera Brilla desde su primera edici\u00f3n. Foto: Rinaldo Mora\/ Prensa IDR<\/figcaption><\/figure>\n<p>&nbsp;<\/p>\n<p>&nbsp;<\/p>\n","protected":false},"excerpt":{"rendered":"<p>Organizada por la Intendencia Departamental de Rivera, \u00a0Rivera Brilla llega a su tercera edici\u00f3n nacida de diversos grupos \u00a0que hacen posible la realizaci\u00f3n de la decoraci\u00f3n, iluminaci\u00f3n y programaci\u00f3n art\u00edstico\/cultural. Son escolares, liceales, clasificadores, \u00a0centros barriales, artesanas, diferentes \u00e1reas de la intendencia, el ingenio popular y profesionales que estampan este sue\u00f1o hecho realidad. Empresarios y [&hellip;]<\/p>\n","protected":false},"author":2,"featured_media":4526,"comment_status":"open","ping_status":"open","sticky":false,"template":"","format":"standard","meta":{"footnotes":""},"categories":[1],"tags":[256,38,17,128,257],"_links":{"self":[{"href":"https:\/\/www.rivera.gub.uy\/social\/wp-json\/wp\/v2\/posts\/4520"}],"collection":[{"href":"https:\/\/www.rivera.gub.uy\/social\/wp-json\/wp\/v2\/posts"}],"about":[{"href":"https:\/\/www.rivera.gub.uy\/social\/wp-json\/wp\/v2\/types\/post"}],"author":[{"embeddable":true,"href":"https:\/\/www.rivera.gub.uy\/social\/wp-json\/wp\/v2\/users\/2"}],"replies":[{"embeddable":true,"href":"https:\/\/www.rivera.gub.uy\/social\/wp-json\/wp\/v2\/comments?post=4520"}],"version-history":[{"count":11,"href":"https:\/\/www.rivera.gub.uy\/social\/wp-json\/wp\/v2\/posts\/4520\/revisions"}],"predecessor-version":[{"id":4738,"href":"https:\/\/www.rivera.gub.uy\/social\/wp-json\/wp\/v2\/posts\/4520\/revisions\/4738"}],"wp:featuredmedia":[{"embeddable":true,"href":"https:\/\/www.rivera.gub.uy\/social\/wp-json\/wp\/v2\/media\/4526"}],"wp:attachment":[{"href":"https:\/\/www.rivera.gub.uy\/social\/wp-json\/wp\/v2\/media?parent=4520"}],"wp:term":[{"taxonomy":"category","embeddable":true,"href":"https:\/\/www.rivera.gub.uy\/social\/wp-json\/wp\/v2\/categories?post=4520"},{"taxonomy":"post_tag","embeddable":true,"href":"https:\/\/www.rivera.gub.uy\/social\/wp-json\/wp\/v2\/tags?post=4520"}],"curies":[{"name":"wp","href":"https:\/\/api.w.org\/{rel}","templated":true}]}}