{"id":4579,"date":"2018-11-13T13:19:23","date_gmt":"2018-11-13T13:19:23","guid":{"rendered":"https:\/\/rivera.gub.uy\/social\/?p=4579"},"modified":"2018-11-13T13:19:34","modified_gmt":"2018-11-13T13:19:34","slug":"ballet-folclorico-de-rivera-en-cordoba-argentina","status":"publish","type":"post","link":"https:\/\/www.rivera.gub.uy\/social\/ballet-folclorico-de-rivera-en-cordoba-argentina\/","title":{"rendered":"Ballet Folcl\u00f3rico de Rivera en C\u00f3rdoba, Argentina"},"content":{"rendered":"<p>Con gran \u00e9xito se present\u00f3 los d\u00edas 9 y 10 del corriente, el Ballet Folcl\u00f3rico Departamental de Rivera \u00a0en el festival \u201cLa Falda en Danza\u201d, C\u00f3rdoba, Argentina.<!--more--><br \/>\nEste elenco de la IDR, creado hace 33 a\u00f1os, es dirigido desde hace m\u00e1s de 2 d\u00e9cadas, por el Prof. Marcelo Chapital.<br \/>\nHa participado en m\u00faltiples festivales de Brasil y Argentina y contin\u00faa haciendo el deleite de numerosas plateas en nuestro medio.<\/p>\n<p>Previo a la presentaci\u00f3n en el anfiteatro, participaron en un muy emotivo desfile inaugural e hicieron flamear con gallard\u00eda las banderas de Uruguay y de Rivera.<\/p>\n","protected":false},"excerpt":{"rendered":"<p>Con gran \u00e9xito se present\u00f3 los d\u00edas 9 y 10 del corriente, el Ballet Folcl\u00f3rico Departamental de Rivera \u00a0en el festival \u201cLa Falda en Danza\u201d, C\u00f3rdoba, Argentina.<\/p>\n","protected":false},"author":2,"featured_media":4580,"comment_status":"open","ping_status":"open","sticky":false,"template":"","format":"standard","meta":{"footnotes":""},"categories":[8,1],"tags":[248,204,38,17],"_links":{"self":[{"href":"https:\/\/www.rivera.gub.uy\/social\/wp-json\/wp\/v2\/posts\/4579"}],"collection":[{"href":"https:\/\/www.rivera.gub.uy\/social\/wp-json\/wp\/v2\/posts"}],"about":[{"href":"https:\/\/www.rivera.gub.uy\/social\/wp-json\/wp\/v2\/types\/post"}],"author":[{"embeddable":true,"href":"https:\/\/www.rivera.gub.uy\/social\/wp-json\/wp\/v2\/users\/2"}],"replies":[{"embeddable":true,"href":"https:\/\/www.rivera.gub.uy\/social\/wp-json\/wp\/v2\/comments?post=4579"}],"version-history":[{"count":2,"href":"https:\/\/www.rivera.gub.uy\/social\/wp-json\/wp\/v2\/posts\/4579\/revisions"}],"predecessor-version":[{"id":4582,"href":"https:\/\/www.rivera.gub.uy\/social\/wp-json\/wp\/v2\/posts\/4579\/revisions\/4582"}],"wp:featuredmedia":[{"embeddable":true,"href":"https:\/\/www.rivera.gub.uy\/social\/wp-json\/wp\/v2\/media\/4580"}],"wp:attachment":[{"href":"https:\/\/www.rivera.gub.uy\/social\/wp-json\/wp\/v2\/media?parent=4579"}],"wp:term":[{"taxonomy":"category","embeddable":true,"href":"https:\/\/www.rivera.gub.uy\/social\/wp-json\/wp\/v2\/categories?post=4579"},{"taxonomy":"post_tag","embeddable":true,"href":"https:\/\/www.rivera.gub.uy\/social\/wp-json\/wp\/v2\/tags?post=4579"}],"curies":[{"name":"wp","href":"https:\/\/api.w.org\/{rel}","templated":true}]}}