{"id":4585,"date":"2018-11-13T17:22:05","date_gmt":"2018-11-13T17:22:05","guid":{"rendered":"https:\/\/rivera.gub.uy\/social\/?p=4585"},"modified":"2018-11-13T17:22:05","modified_gmt":"2018-11-13T17:22:05","slug":"presentacion-del-taller-de-canto","status":"publish","type":"post","link":"https:\/\/www.rivera.gub.uy\/social\/presentacion-del-taller-de-canto\/","title":{"rendered":"Presentaci\u00f3n del Taller de Canto"},"content":{"rendered":"<p>En medio de muchas emociones, se presentaron en el Teatro Municipal el 3 de noviembre, los alumnos de 1o., 2o. y 3o. del Taller Municipal de Canto de la Divis\u00f3n Cultura., con su espect\u00e1culo \u00abCanciones, Canciones\u00bb.<\/p>\n<p>Gran diversidad de temas, ritmos, estilos e interpretaciones formaron la audici\u00f3n anual del Taller.<!--more--><\/p>\n<p>Los alumnos, en un total de 38, acompa\u00f1ados al piano por el Prof. Andr\u00e9s Ib\u00e1\u00f1ez, cantaron como solistas, como d\u00faos o como tr\u00edos vocales.<\/p>\n<p>La velada se complet\u00f3 con la presentaci\u00f3n de todo el grupo en conjunto y con la participaci\u00f3n del Director de Cultura Alex Alvez, cantando una misma canci\u00f3n.<\/p>\n<p>El p\u00fablico recibi\u00f3 con gran entusiasmo todas las participaciones de los talleristas.<\/p>\n<div id='gallery-1' class='gallery galleryid-4585 gallery-columns-3 gallery-size-thumbnail'><figure class='gallery-item'>\n\t\t\t<div class='gallery-icon landscape'>\n\t\t\t\t<a href='https:\/\/www.rivera.gub.uy\/social\/wp-content\/uploads\/2018\/11\/1.jpg'><img loading=\"lazy\" decoding=\"async\" width=\"150\" height=\"150\" src=\"https:\/\/www.rivera.gub.uy\/social\/wp-content\/uploads\/2018\/11\/1-150x150.jpg\" class=\"attachment-thumbnail size-thumbnail\" alt=\"\" \/><\/a>\n\t\t\t<\/div><\/figure><figure class='gallery-item'>\n\t\t\t<div class='gallery-icon portrait'>\n\t\t\t\t<a href='https:\/\/www.rivera.gub.uy\/social\/wp-content\/uploads\/2018\/11\/2.jpg'><img loading=\"lazy\" decoding=\"async\" width=\"150\" height=\"150\" src=\"https:\/\/www.rivera.gub.uy\/social\/wp-content\/uploads\/2018\/11\/2-150x150.jpg\" class=\"attachment-thumbnail size-thumbnail\" alt=\"\" \/><\/a>\n\t\t\t<\/div><\/figure><figure class='gallery-item'>\n\t\t\t<div class='gallery-icon portrait'>\n\t\t\t\t<a href='https:\/\/www.rivera.gub.uy\/social\/wp-content\/uploads\/2018\/11\/3.jpg'><img loading=\"lazy\" decoding=\"async\" width=\"150\" height=\"150\" src=\"https:\/\/www.rivera.gub.uy\/social\/wp-content\/uploads\/2018\/11\/3-150x150.jpg\" class=\"attachment-thumbnail size-thumbnail\" alt=\"\" \/><\/a>\n\t\t\t<\/div><\/figure>\n\t\t<\/div>\n\n","protected":false},"excerpt":{"rendered":"<p>En medio de muchas emociones, se presentaron en el Teatro Municipal el 3 de noviembre, los alumnos de 1o., 2o. y 3o. del Taller Municipal de Canto de la Divis\u00f3n Cultura., con su espect\u00e1culo \u00abCanciones, Canciones\u00bb. Gran diversidad de temas, ritmos, estilos e interpretaciones formaron la audici\u00f3n anual del Taller.<\/p>\n","protected":false},"author":2,"featured_media":4586,"comment_status":"open","ping_status":"open","sticky":false,"template":"","format":"standard","meta":{"footnotes":""},"categories":[8,1],"tags":[115,58,38,17,35,74],"_links":{"self":[{"href":"https:\/\/www.rivera.gub.uy\/social\/wp-json\/wp\/v2\/posts\/4585"}],"collection":[{"href":"https:\/\/www.rivera.gub.uy\/social\/wp-json\/wp\/v2\/posts"}],"about":[{"href":"https:\/\/www.rivera.gub.uy\/social\/wp-json\/wp\/v2\/types\/post"}],"author":[{"embeddable":true,"href":"https:\/\/www.rivera.gub.uy\/social\/wp-json\/wp\/v2\/users\/2"}],"replies":[{"embeddable":true,"href":"https:\/\/www.rivera.gub.uy\/social\/wp-json\/wp\/v2\/comments?post=4585"}],"version-history":[{"count":1,"href":"https:\/\/www.rivera.gub.uy\/social\/wp-json\/wp\/v2\/posts\/4585\/revisions"}],"predecessor-version":[{"id":4589,"href":"https:\/\/www.rivera.gub.uy\/social\/wp-json\/wp\/v2\/posts\/4585\/revisions\/4589"}],"wp:featuredmedia":[{"embeddable":true,"href":"https:\/\/www.rivera.gub.uy\/social\/wp-json\/wp\/v2\/media\/4586"}],"wp:attachment":[{"href":"https:\/\/www.rivera.gub.uy\/social\/wp-json\/wp\/v2\/media?parent=4585"}],"wp:term":[{"taxonomy":"category","embeddable":true,"href":"https:\/\/www.rivera.gub.uy\/social\/wp-json\/wp\/v2\/categories?post=4585"},{"taxonomy":"post_tag","embeddable":true,"href":"https:\/\/www.rivera.gub.uy\/social\/wp-json\/wp\/v2\/tags?post=4585"}],"curies":[{"name":"wp","href":"https:\/\/api.w.org\/{rel}","templated":true}]}}