{"id":4594,"date":"2018-11-14T13:44:12","date_gmt":"2018-11-14T13:44:12","guid":{"rendered":"https:\/\/rivera.gub.uy\/social\/?p=4594"},"modified":"2018-11-15T14:00:03","modified_gmt":"2018-11-15T14:00:03","slug":"5o-festival-binacional-de-enogastronomia-4","status":"publish","type":"post","link":"https:\/\/www.rivera.gub.uy\/social\/5o-festival-binacional-de-enogastronomia-4\/","title":{"rendered":"5\u00ba Festival Binacional de Enogastronom\u00eda"},"content":{"rendered":"<h3>Programaci\u00f3n de d\u00eda 14 noviembre, talleres de Aceite de Oliva y Culinarios a base de Arroz, en el marco del 5\u00ba Festival Binacional de Enogastronom\u00eda.<\/h3>\n<p>Por mas informaci\u00f3n, ingresar en la pagina www.festivalbinacionalenogastronomia.com<!--more--><\/p>\n<p><img loading=\"lazy\" decoding=\"async\" class=\"alignnone size-medium wp-image-4595\" src=\"https:\/\/rivera.gub.uy\/social\/wp-content\/uploads\/2018\/11\/IMG_7164-197x300.jpg\" alt=\"\" width=\"197\" height=\"300\" srcset=\"https:\/\/www.rivera.gub.uy\/social\/wp-content\/uploads\/2018\/11\/IMG_7164-197x300.jpg 197w, https:\/\/www.rivera.gub.uy\/social\/wp-content\/uploads\/2018\/11\/IMG_7164.jpg 630w\" sizes=\"(max-width: 197px) 100vw, 197px\" \/>\u00a0<img loading=\"lazy\" decoding=\"async\" class=\"alignnone size-medium wp-image-4600\" src=\"https:\/\/rivera.gub.uy\/social\/wp-content\/uploads\/2018\/11\/IMG_7170-199x300.jpg\" alt=\"\" width=\"199\" height=\"300\" srcset=\"https:\/\/www.rivera.gub.uy\/social\/wp-content\/uploads\/2018\/11\/IMG_7170-199x300.jpg 199w, https:\/\/www.rivera.gub.uy\/social\/wp-content\/uploads\/2018\/11\/IMG_7170-768x1160.jpg 768w, https:\/\/www.rivera.gub.uy\/social\/wp-content\/uploads\/2018\/11\/IMG_7170-678x1024.jpg 678w, https:\/\/www.rivera.gub.uy\/social\/wp-content\/uploads\/2018\/11\/IMG_7170-820x1239.jpg 820w, https:\/\/www.rivera.gub.uy\/social\/wp-content\/uploads\/2018\/11\/IMG_7170.jpg 951w\" sizes=\"(max-width: 199px) 100vw, 199px\" \/>\u00a0<img loading=\"lazy\" decoding=\"async\" class=\"alignnone size-medium wp-image-4598\" src=\"https:\/\/rivera.gub.uy\/social\/wp-content\/uploads\/2018\/11\/IMG_7167-205x300.jpg\" alt=\"\" width=\"205\" height=\"300\" srcset=\"https:\/\/www.rivera.gub.uy\/social\/wp-content\/uploads\/2018\/11\/IMG_7167-205x300.jpg 205w, https:\/\/www.rivera.gub.uy\/social\/wp-content\/uploads\/2018\/11\/IMG_7167-768x1126.jpg 768w, https:\/\/www.rivera.gub.uy\/social\/wp-content\/uploads\/2018\/11\/IMG_7167-699x1024.jpg 699w, https:\/\/www.rivera.gub.uy\/social\/wp-content\/uploads\/2018\/11\/IMG_7167-820x1202.jpg 820w, https:\/\/www.rivera.gub.uy\/social\/wp-content\/uploads\/2018\/11\/IMG_7167.jpg 951w\" sizes=\"(max-width: 205px) 100vw, 205px\" \/><\/p>\n","protected":false},"excerpt":{"rendered":"<p>Programaci\u00f3n de d\u00eda 14 noviembre, talleres de Aceite de Oliva y Culinarios a base de Arroz, en el marco del 5\u00ba Festival Binacional de Enogastronom\u00eda. Por mas informaci\u00f3n, ingresar en la pagina www.festivalbinacionalenogastronomia.com<\/p>\n","protected":false},"author":3,"featured_media":4596,"comment_status":"open","ping_status":"open","sticky":false,"template":"","format":"standard","meta":{"footnotes":""},"categories":[7,9],"tags":[251,183,236,186,252,17,185],"_links":{"self":[{"href":"https:\/\/www.rivera.gub.uy\/social\/wp-json\/wp\/v2\/posts\/4594"}],"collection":[{"href":"https:\/\/www.rivera.gub.uy\/social\/wp-json\/wp\/v2\/posts"}],"about":[{"href":"https:\/\/www.rivera.gub.uy\/social\/wp-json\/wp\/v2\/types\/post"}],"author":[{"embeddable":true,"href":"https:\/\/www.rivera.gub.uy\/social\/wp-json\/wp\/v2\/users\/3"}],"replies":[{"embeddable":true,"href":"https:\/\/www.rivera.gub.uy\/social\/wp-json\/wp\/v2\/comments?post=4594"}],"version-history":[{"count":4,"href":"https:\/\/www.rivera.gub.uy\/social\/wp-json\/wp\/v2\/posts\/4594\/revisions"}],"predecessor-version":[{"id":4614,"href":"https:\/\/www.rivera.gub.uy\/social\/wp-json\/wp\/v2\/posts\/4594\/revisions\/4614"}],"wp:featuredmedia":[{"embeddable":true,"href":"https:\/\/www.rivera.gub.uy\/social\/wp-json\/wp\/v2\/media\/4596"}],"wp:attachment":[{"href":"https:\/\/www.rivera.gub.uy\/social\/wp-json\/wp\/v2\/media?parent=4594"}],"wp:term":[{"taxonomy":"category","embeddable":true,"href":"https:\/\/www.rivera.gub.uy\/social\/wp-json\/wp\/v2\/categories?post=4594"},{"taxonomy":"post_tag","embeddable":true,"href":"https:\/\/www.rivera.gub.uy\/social\/wp-json\/wp\/v2\/tags?post=4594"}],"curies":[{"name":"wp","href":"https:\/\/api.w.org\/{rel}","templated":true}]}}