{"id":4603,"date":"2018-11-14T15:45:11","date_gmt":"2018-11-14T15:45:11","guid":{"rendered":"https:\/\/rivera.gub.uy\/social\/?p=4603"},"modified":"2018-11-15T13:04:39","modified_gmt":"2018-11-15T13:04:39","slug":"rivera-brilla","status":"publish","type":"post","link":"https:\/\/www.rivera.gub.uy\/social\/rivera-brilla\/","title":{"rendered":"Rivera Brilla"},"content":{"rendered":"<p>Desde el lunes 05 de noviembre, a partir de las 04:00 AM, se comenzaron a instalar los cableados para la iluminaci\u00f3n de toda la Av. Sarandi en <a href=\"https:\/\/www.rivera.gub.uy\/riverabrilla\/\">Rivera Brilla<\/a>. La Direcci\u00f3n de Turismo con el apoyo de Alumbrado, Transito y el equipo de Eros Pampin, est\u00e1n realizando nuevamente este trabajo tan importante para Rivera.<\/p>\n","protected":false},"excerpt":{"rendered":"<p>Desde el lunes 05 de noviembre, a partir de las 04:00 AM, se comenzaron a instalar los cableados para la iluminaci\u00f3n de toda la Av. Sarandi en Rivera Brilla. La Direcci\u00f3n de Turismo con el apoyo de Alumbrado, Transito y el equipo de Eros Pampin, est\u00e1n realizando nuevamente este trabajo tan importante para Rivera.<\/p>\n","protected":false},"author":3,"featured_media":4606,"comment_status":"open","ping_status":"open","sticky":false,"template":"","format":"standard","meta":{"footnotes":""},"categories":[7,9],"tags":[255,224,135,254,221,223,128,253],"_links":{"self":[{"href":"https:\/\/www.rivera.gub.uy\/social\/wp-json\/wp\/v2\/posts\/4603"}],"collection":[{"href":"https:\/\/www.rivera.gub.uy\/social\/wp-json\/wp\/v2\/posts"}],"about":[{"href":"https:\/\/www.rivera.gub.uy\/social\/wp-json\/wp\/v2\/types\/post"}],"author":[{"embeddable":true,"href":"https:\/\/www.rivera.gub.uy\/social\/wp-json\/wp\/v2\/users\/3"}],"replies":[{"embeddable":true,"href":"https:\/\/www.rivera.gub.uy\/social\/wp-json\/wp\/v2\/comments?post=4603"}],"version-history":[{"count":2,"href":"https:\/\/www.rivera.gub.uy\/social\/wp-json\/wp\/v2\/posts\/4603\/revisions"}],"predecessor-version":[{"id":4611,"href":"https:\/\/www.rivera.gub.uy\/social\/wp-json\/wp\/v2\/posts\/4603\/revisions\/4611"}],"wp:featuredmedia":[{"embeddable":true,"href":"https:\/\/www.rivera.gub.uy\/social\/wp-json\/wp\/v2\/media\/4606"}],"wp:attachment":[{"href":"https:\/\/www.rivera.gub.uy\/social\/wp-json\/wp\/v2\/media?parent=4603"}],"wp:term":[{"taxonomy":"category","embeddable":true,"href":"https:\/\/www.rivera.gub.uy\/social\/wp-json\/wp\/v2\/categories?post=4603"},{"taxonomy":"post_tag","embeddable":true,"href":"https:\/\/www.rivera.gub.uy\/social\/wp-json\/wp\/v2\/tags?post=4603"}],"curies":[{"name":"wp","href":"https:\/\/api.w.org\/{rel}","templated":true}]}}