{"id":4615,"date":"2018-11-15T14:09:25","date_gmt":"2018-11-15T14:09:25","guid":{"rendered":"https:\/\/rivera.gub.uy\/social\/?p=4615"},"modified":"2018-11-15T14:09:25","modified_gmt":"2018-11-15T14:09:25","slug":"5o-festival-binacional-de-enogastronomia-5","status":"publish","type":"post","link":"https:\/\/www.rivera.gub.uy\/social\/5o-festival-binacional-de-enogastronomia-5\/","title":{"rendered":"5\u00ba Festival Binacional de Enogastronom\u00eda"},"content":{"rendered":"<h3>Programaci\u00f3n de d\u00eda 15 noviembre, Visita T\u00e9cnica a Olivopampa y\u00a0Seminario de Alimentos Org\u00e1nicos y Sistemas Agroecol\u00f3gicos, en el marco del 5\u00ba Festival Binacional de Enogastronom\u00eda.<\/h3>\n<p>Por mas informaci\u00f3n, ingresar en la pagina www.festivalbinacionalenogastronomia.com<!--more--><\/p>\n<p><img loading=\"lazy\" decoding=\"async\" class=\"alignnone size-medium wp-image-4619\" src=\"https:\/\/rivera.gub.uy\/social\/wp-content\/uploads\/2018\/11\/IMG_7183-239x300.jpg\" alt=\"\" width=\"239\" height=\"300\" srcset=\"https:\/\/www.rivera.gub.uy\/social\/wp-content\/uploads\/2018\/11\/IMG_7183-239x300.jpg 239w, https:\/\/www.rivera.gub.uy\/social\/wp-content\/uploads\/2018\/11\/IMG_7183-768x963.jpg 768w, https:\/\/www.rivera.gub.uy\/social\/wp-content\/uploads\/2018\/11\/IMG_7183-816x1024.jpg 816w, https:\/\/www.rivera.gub.uy\/social\/wp-content\/uploads\/2018\/11\/IMG_7183-820x1029.jpg 820w, https:\/\/www.rivera.gub.uy\/social\/wp-content\/uploads\/2018\/11\/IMG_7183.jpg 951w\" sizes=\"(max-width: 239px) 100vw, 239px\" \/> <img loading=\"lazy\" decoding=\"async\" class=\"alignnone size-medium wp-image-4617\" src=\"https:\/\/rivera.gub.uy\/social\/wp-content\/uploads\/2018\/11\/IMG_7181-197x300.jpg\" alt=\"\" width=\"197\" height=\"300\" srcset=\"https:\/\/www.rivera.gub.uy\/social\/wp-content\/uploads\/2018\/11\/IMG_7181-197x300.jpg 197w, https:\/\/www.rivera.gub.uy\/social\/wp-content\/uploads\/2018\/11\/IMG_7181-768x1169.jpg 768w, https:\/\/www.rivera.gub.uy\/social\/wp-content\/uploads\/2018\/11\/IMG_7181-673x1024.jpg 673w, https:\/\/www.rivera.gub.uy\/social\/wp-content\/uploads\/2018\/11\/IMG_7181-820x1248.jpg 820w, https:\/\/www.rivera.gub.uy\/social\/wp-content\/uploads\/2018\/11\/IMG_7181.jpg 953w\" sizes=\"(max-width: 197px) 100vw, 197px\" \/> <img loading=\"lazy\" decoding=\"async\" class=\"alignnone size-medium wp-image-4616\" src=\"https:\/\/rivera.gub.uy\/social\/wp-content\/uploads\/2018\/11\/IMG_7180-216x300.jpg\" alt=\"\" width=\"216\" height=\"300\" srcset=\"https:\/\/www.rivera.gub.uy\/social\/wp-content\/uploads\/2018\/11\/IMG_7180-216x300.jpg 216w, https:\/\/www.rivera.gub.uy\/social\/wp-content\/uploads\/2018\/11\/IMG_7180-768x1069.jpg 768w, https:\/\/www.rivera.gub.uy\/social\/wp-content\/uploads\/2018\/11\/IMG_7180-736x1024.jpg 736w, https:\/\/www.rivera.gub.uy\/social\/wp-content\/uploads\/2018\/11\/IMG_7180-820x1141.jpg 820w, https:\/\/www.rivera.gub.uy\/social\/wp-content\/uploads\/2018\/11\/IMG_7180.jpg 920w\" sizes=\"(max-width: 216px) 100vw, 216px\" \/><\/p>\n<p>&nbsp;<\/p>\n<p>&nbsp;<\/p>\n","protected":false},"excerpt":{"rendered":"<p>Programaci\u00f3n de d\u00eda 15 noviembre, Visita T\u00e9cnica a Olivopampa y\u00a0Seminario de Alimentos Org\u00e1nicos y Sistemas Agroecol\u00f3gicos, en el marco del 5\u00ba Festival Binacional de Enogastronom\u00eda. Por mas informaci\u00f3n, ingresar en la pagina www.festivalbinacionalenogastronomia.com<\/p>\n","protected":false},"author":3,"featured_media":4618,"comment_status":"open","ping_status":"open","sticky":false,"template":"","format":"standard","meta":{"footnotes":""},"categories":[7,9],"tags":[184,183,186,247,252,17,185],"_links":{"self":[{"href":"https:\/\/www.rivera.gub.uy\/social\/wp-json\/wp\/v2\/posts\/4615"}],"collection":[{"href":"https:\/\/www.rivera.gub.uy\/social\/wp-json\/wp\/v2\/posts"}],"about":[{"href":"https:\/\/www.rivera.gub.uy\/social\/wp-json\/wp\/v2\/types\/post"}],"author":[{"embeddable":true,"href":"https:\/\/www.rivera.gub.uy\/social\/wp-json\/wp\/v2\/users\/3"}],"replies":[{"embeddable":true,"href":"https:\/\/www.rivera.gub.uy\/social\/wp-json\/wp\/v2\/comments?post=4615"}],"version-history":[{"count":2,"href":"https:\/\/www.rivera.gub.uy\/social\/wp-json\/wp\/v2\/posts\/4615\/revisions"}],"predecessor-version":[{"id":4621,"href":"https:\/\/www.rivera.gub.uy\/social\/wp-json\/wp\/v2\/posts\/4615\/revisions\/4621"}],"wp:featuredmedia":[{"embeddable":true,"href":"https:\/\/www.rivera.gub.uy\/social\/wp-json\/wp\/v2\/media\/4618"}],"wp:attachment":[{"href":"https:\/\/www.rivera.gub.uy\/social\/wp-json\/wp\/v2\/media?parent=4615"}],"wp:term":[{"taxonomy":"category","embeddable":true,"href":"https:\/\/www.rivera.gub.uy\/social\/wp-json\/wp\/v2\/categories?post=4615"},{"taxonomy":"post_tag","embeddable":true,"href":"https:\/\/www.rivera.gub.uy\/social\/wp-json\/wp\/v2\/tags?post=4615"}],"curies":[{"name":"wp","href":"https:\/\/api.w.org\/{rel}","templated":true}]}}