{"id":4656,"date":"2018-11-16T16:21:55","date_gmt":"2018-11-16T16:21:55","guid":{"rendered":"https:\/\/rivera.gub.uy\/social\/?p=4656"},"modified":"2018-11-16T16:21:55","modified_gmt":"2018-11-16T16:21:55","slug":"5o-festival-binacional-de-enogastronomia-6","status":"publish","type":"post","link":"https:\/\/www.rivera.gub.uy\/social\/5o-festival-binacional-de-enogastronomia-6\/","title":{"rendered":"5\u00ba Festival Binacional de Enogastronom\u00eda"},"content":{"rendered":"<h3>Programaci\u00f3n de d\u00eda 16 noviembre, Seminario de la Red Palmar y Paseo Tur\u00edstico por Vi\u00f1edos, en el marco del 5\u00ba Festival Binacional de Enogastronom\u00eda.<\/h3>\n<p>Por mas informaci\u00f3n, ingresar en la pagina www.festivalbinacionalenogastronomia.com<\/p>\n<p><!--more-->\u00a0\u00a0\u00a0<img loading=\"lazy\" decoding=\"async\" class=\"alignnone size-medium wp-image-4662\" src=\"https:\/\/rivera.gub.uy\/social\/wp-content\/uploads\/2018\/11\/IMG_7197-250x300.jpg\" alt=\"\" width=\"250\" height=\"300\" srcset=\"https:\/\/www.rivera.gub.uy\/social\/wp-content\/uploads\/2018\/11\/IMG_7197-250x300.jpg 250w, https:\/\/www.rivera.gub.uy\/social\/wp-content\/uploads\/2018\/11\/IMG_7197-768x923.jpg 768w, https:\/\/www.rivera.gub.uy\/social\/wp-content\/uploads\/2018\/11\/IMG_7197-852x1024.jpg 852w, https:\/\/www.rivera.gub.uy\/social\/wp-content\/uploads\/2018\/11\/IMG_7197-820x986.jpg 820w, https:\/\/www.rivera.gub.uy\/social\/wp-content\/uploads\/2018\/11\/IMG_7197.jpg 954w\" sizes=\"(max-width: 250px) 100vw, 250px\" \/> <img loading=\"lazy\" decoding=\"async\" class=\"alignnone size-medium wp-image-4663\" src=\"https:\/\/rivera.gub.uy\/social\/wp-content\/uploads\/2018\/11\/IMG_7198-183x300.jpg\" alt=\"\" width=\"183\" height=\"300\" srcset=\"https:\/\/www.rivera.gub.uy\/social\/wp-content\/uploads\/2018\/11\/IMG_7198-183x300.jpg 183w, https:\/\/www.rivera.gub.uy\/social\/wp-content\/uploads\/2018\/11\/IMG_7198.jpg 586w\" sizes=\"(max-width: 183px) 100vw, 183px\" \/>\u00a0<img loading=\"lazy\" decoding=\"async\" class=\"alignnone size-medium wp-image-4657\" src=\"https:\/\/rivera.gub.uy\/social\/wp-content\/uploads\/2018\/11\/IMG_7194-192x300.jpg\" alt=\"\" width=\"192\" height=\"300\" srcset=\"https:\/\/www.rivera.gub.uy\/social\/wp-content\/uploads\/2018\/11\/IMG_7194-192x300.jpg 192w, https:\/\/www.rivera.gub.uy\/social\/wp-content\/uploads\/2018\/11\/IMG_7194-768x1197.jpg 768w, https:\/\/www.rivera.gub.uy\/social\/wp-content\/uploads\/2018\/11\/IMG_7194-657x1024.jpg 657w, https:\/\/www.rivera.gub.uy\/social\/wp-content\/uploads\/2018\/11\/IMG_7194-820x1278.jpg 820w, https:\/\/www.rivera.gub.uy\/social\/wp-content\/uploads\/2018\/11\/IMG_7194.jpg 821w\" sizes=\"(max-width: 192px) 100vw, 192px\" \/><\/p>\n","protected":false},"excerpt":{"rendered":"<p>Programaci\u00f3n de d\u00eda 16 noviembre, Seminario de la Red Palmar y Paseo Tur\u00edstico por Vi\u00f1edos, en el marco del 5\u00ba Festival Binacional de Enogastronom\u00eda. Por mas informaci\u00f3n, ingresar en la pagina www.festivalbinacionalenogastronomia.com<\/p>\n","protected":false},"author":3,"featured_media":4659,"comment_status":"open","ping_status":"open","sticky":false,"template":"","format":"standard","meta":{"footnotes":""},"categories":[7,9],"tags":[242,238,184,183,186,17,185],"_links":{"self":[{"href":"https:\/\/www.rivera.gub.uy\/social\/wp-json\/wp\/v2\/posts\/4656"}],"collection":[{"href":"https:\/\/www.rivera.gub.uy\/social\/wp-json\/wp\/v2\/posts"}],"about":[{"href":"https:\/\/www.rivera.gub.uy\/social\/wp-json\/wp\/v2\/types\/post"}],"author":[{"embeddable":true,"href":"https:\/\/www.rivera.gub.uy\/social\/wp-json\/wp\/v2\/users\/3"}],"replies":[{"embeddable":true,"href":"https:\/\/www.rivera.gub.uy\/social\/wp-json\/wp\/v2\/comments?post=4656"}],"version-history":[{"count":3,"href":"https:\/\/www.rivera.gub.uy\/social\/wp-json\/wp\/v2\/posts\/4656\/revisions"}],"predecessor-version":[{"id":4664,"href":"https:\/\/www.rivera.gub.uy\/social\/wp-json\/wp\/v2\/posts\/4656\/revisions\/4664"}],"wp:featuredmedia":[{"embeddable":true,"href":"https:\/\/www.rivera.gub.uy\/social\/wp-json\/wp\/v2\/media\/4659"}],"wp:attachment":[{"href":"https:\/\/www.rivera.gub.uy\/social\/wp-json\/wp\/v2\/media?parent=4656"}],"wp:term":[{"taxonomy":"category","embeddable":true,"href":"https:\/\/www.rivera.gub.uy\/social\/wp-json\/wp\/v2\/categories?post=4656"},{"taxonomy":"post_tag","embeddable":true,"href":"https:\/\/www.rivera.gub.uy\/social\/wp-json\/wp\/v2\/tags?post=4656"}],"curies":[{"name":"wp","href":"https:\/\/api.w.org\/{rel}","templated":true}]}}