{"id":4665,"date":"2018-11-29T08:10:41","date_gmt":"2018-11-29T08:10:41","guid":{"rendered":"https:\/\/rivera.gub.uy\/social\/?p=4665"},"modified":"2018-12-03T16:26:26","modified_gmt":"2018-12-03T16:26:26","slug":"fiesta-fronteriza-en-av-sarandi-y-plaza-artigas","status":"publish","type":"post","link":"https:\/\/www.rivera.gub.uy\/social\/fiesta-fronteriza-en-av-sarandi-y-plaza-artigas\/","title":{"rendered":"Rivera Brilla: Fiesta Fronteriza en Av. Sarand\u00ed y Plaza Artigas"},"content":{"rendered":"<p><span style=\"font-weight: 400;\">El cielo de Av. Sarand\u00ed se transformar\u00e1 para recibir toda la fuerza de los \u00a0colores propios de Rivera: la alegr\u00eda del amarillo representativo de la belleza de los campos cubiertos de Mariamol, la fuerza del \u00a0naranja\/rojo presente en los caminitos de tierra colorada y en la pr\u00f3spera cosecha de sand\u00edas; la dulzura de los habitantes de nuestra \u00a0frontera.<\/span><!--more--><\/p>\n<p><span style=\"font-weight: 400;\">El oro del sol, nuestra gente, el movimiento \u00a0de las cometas, el ir y venir del turista en compras, est\u00e1n representados en Av Sarand\u00ed por banderines \u00a0festivos que cubren todo el recorrido de nuestra principal avenida; que se convertir\u00e1 en el espacio de festejos por el a\u00f1o que se encierra, la \u00a0Navidad, la bienvenida al a\u00f1o que comienza y, por sobre todo, el lugar de encuentro entre la administraci\u00f3n p\u00fablica, la poblaci\u00f3n local y el turista con la identidad regional que nos caracteriza.<\/span><\/p>\n<div><b>Rivera Brilla: un proyecto colaborativo<\/b><\/div>\n<p><span style=\"font-weight: 400;\">Organizada por la Intendencia Departamental de Rivera,\u00a0 \u00a0el Rivera Brilla\u00a0 llega su tercera edici\u00f3n con la\u00a0colaboraci\u00f3n de diversos grupos\u00a0 que hacen posible la realizaci\u00f3n de la decoraci\u00f3n y de la programaci\u00f3n cultural. Son gestores, artistas, arquitectos, ingenieros, artesanos, electricistas, profesionales de montaje, escuelas, recicladores,\u00a0 empresarios y ciudadanos que todos los a\u00f1os se suman\u00a0a esta fiesta que ya se consolida como una tradici\u00f3n riverense.\u00a0<\/span><\/p>\n<p>&nbsp;<\/p>\n","protected":false},"excerpt":{"rendered":"<p>El cielo de Av. Sarand\u00ed se transformar\u00e1 para recibir toda la fuerza de los \u00a0colores propios de Rivera: la alegr\u00eda del amarillo representativo de la belleza de los campos cubiertos de Mariamol, la fuerza del \u00a0naranja\/rojo presente en los caminitos de tierra colorada y en la pr\u00f3spera cosecha de sand\u00edas; la dulzura de los habitantes [&hellip;]<\/p>\n","protected":false},"author":2,"featured_media":4761,"comment_status":"open","ping_status":"open","sticky":false,"template":"","format":"standard","meta":{"footnotes":""},"categories":[8,1],"tags":[264,58,135,263,128,159],"_links":{"self":[{"href":"https:\/\/www.rivera.gub.uy\/social\/wp-json\/wp\/v2\/posts\/4665"}],"collection":[{"href":"https:\/\/www.rivera.gub.uy\/social\/wp-json\/wp\/v2\/posts"}],"about":[{"href":"https:\/\/www.rivera.gub.uy\/social\/wp-json\/wp\/v2\/types\/post"}],"author":[{"embeddable":true,"href":"https:\/\/www.rivera.gub.uy\/social\/wp-json\/wp\/v2\/users\/2"}],"replies":[{"embeddable":true,"href":"https:\/\/www.rivera.gub.uy\/social\/wp-json\/wp\/v2\/comments?post=4665"}],"version-history":[{"count":6,"href":"https:\/\/www.rivera.gub.uy\/social\/wp-json\/wp\/v2\/posts\/4665\/revisions"}],"predecessor-version":[{"id":4770,"href":"https:\/\/www.rivera.gub.uy\/social\/wp-json\/wp\/v2\/posts\/4665\/revisions\/4770"}],"wp:featuredmedia":[{"embeddable":true,"href":"https:\/\/www.rivera.gub.uy\/social\/wp-json\/wp\/v2\/media\/4761"}],"wp:attachment":[{"href":"https:\/\/www.rivera.gub.uy\/social\/wp-json\/wp\/v2\/media?parent=4665"}],"wp:term":[{"taxonomy":"category","embeddable":true,"href":"https:\/\/www.rivera.gub.uy\/social\/wp-json\/wp\/v2\/categories?post=4665"},{"taxonomy":"post_tag","embeddable":true,"href":"https:\/\/www.rivera.gub.uy\/social\/wp-json\/wp\/v2\/tags?post=4665"}],"curies":[{"name":"wp","href":"https:\/\/api.w.org\/{rel}","templated":true}]}}