{"id":4669,"date":"2018-11-26T17:13:16","date_gmt":"2018-11-26T17:13:16","guid":{"rendered":"https:\/\/rivera.gub.uy\/social\/?p=4669"},"modified":"2018-12-03T16:27:13","modified_gmt":"2018-12-03T16:27:13","slug":"plaza-flores-se-viste-con-el-espiritu-de-la-navidad-cristiana","status":"publish","type":"post","link":"https:\/\/www.rivera.gub.uy\/social\/plaza-flores-se-viste-con-el-espiritu-de-la-navidad-cristiana\/","title":{"rendered":"Plaza Flores  recibe la recreaci\u00f3n hist\u00f3rica de la Navidad"},"content":{"rendered":"<p>Plaza Flores ser\u00e1 el escenario elegido para la recreaci\u00f3n hist\u00f3rica de la Navidad. La decoraci\u00f3n de este espacio fue realizada por j\u00f3venes del Liceo de Minas de Corrales, coordinados por el profesor Daniel Gularte. <!--more--><span style=\"font-weight: 400;\">La propuesta cultural trasciende la celebraci\u00f3n religiosa y acerca a trav\u00e9s de la danza, la m\u00fasica y el teatro, un mensaje de integraci\u00f3n. Artistas de distintos credos, estar\u00e1n en el escenario de la plaza, ya que se considera que el mensaje de paz\u00a0 y esperanza trasciende las denominaciones, lo que se considera una clara demostraci\u00f3n de que la convivencia pac\u00edfica de distintas religiones en la frontera supera la intolerancia que se impone en otras partes del mundo.<\/span><\/p>\n<div id='gallery-1' class='gallery galleryid-4669 gallery-columns-3 gallery-size-thumbnail'><figure class='gallery-item'>\n\t\t\t<div class='gallery-icon landscape'>\n\t\t\t\t<a href='https:\/\/www.rivera.gub.uy\/social\/wp-content\/uploads\/2018\/11\/WhatsApp-Image-2018-11-21-at-15.08.53.jpeg'><img loading=\"lazy\" decoding=\"async\" width=\"150\" height=\"150\" src=\"https:\/\/www.rivera.gub.uy\/social\/wp-content\/uploads\/2018\/11\/WhatsApp-Image-2018-11-21-at-15.08.53-150x150.jpeg\" class=\"attachment-thumbnail size-thumbnail\" alt=\"\" aria-describedby=\"gallery-1-4696\" \/><\/a>\n\t\t\t<\/div>\n\t\t\t\t<figcaption class='wp-caption-text gallery-caption' id='gallery-1-4696'>\n\t\t\t\tEscuela cristiana de Rivera. \u00abFiesta de la alegr\u00eda\u00bbparticipar\u00e1n d\u00eda 7\/12 en Plaza Flores.\n\t\t\t\t<\/figcaption><\/figure><figure class='gallery-item'>\n\t\t\t<div class='gallery-icon landscape'>\n\t\t\t\t<a href='https:\/\/www.rivera.gub.uy\/social\/wp-content\/uploads\/2018\/11\/WhatsApp-Image-2018-11-21-at-15.08.40.jpeg'><img loading=\"lazy\" decoding=\"async\" width=\"150\" height=\"150\" src=\"https:\/\/www.rivera.gub.uy\/social\/wp-content\/uploads\/2018\/11\/WhatsApp-Image-2018-11-21-at-15.08.40-150x150.jpeg\" class=\"attachment-thumbnail size-thumbnail\" alt=\"\" aria-describedby=\"gallery-1-4695\" \/><\/a>\n\t\t\t<\/div>\n\t\t\t\t<figcaption class='wp-caption-text gallery-caption' id='gallery-1-4695'>\n\t\t\t\tIglesia de Jesucristo de los Santos de los \u00daltimos d\u00edas. Participar\u00e1n el d\u00eda 7\/12 en Plaza Flores.\n\t\t\t\t<\/figcaption><\/figure><figure class='gallery-item'>\n\t\t\t<div class='gallery-icon portrait'>\n\t\t\t\t<a href='https:\/\/www.rivera.gub.uy\/social\/wp-content\/uploads\/2018\/11\/WhatsApp-Image-2018-11-21-at-15.07.22.jpeg'><img loading=\"lazy\" decoding=\"async\" width=\"150\" height=\"150\" src=\"https:\/\/www.rivera.gub.uy\/social\/wp-content\/uploads\/2018\/11\/WhatsApp-Image-2018-11-21-at-15.07.22-150x150.jpeg\" class=\"attachment-thumbnail size-thumbnail\" alt=\"\" aria-describedby=\"gallery-1-4697\" \/><\/a>\n\t\t\t<\/div>\n\t\t\t\t<figcaption class='wp-caption-text gallery-caption' id='gallery-1-4697'>\n\t\t\t\tIglesia de Jesucristo de los Santos de los \u00daltimos d\u00edas. Participar\u00e1n el d\u00eda 7\/12 en Plaza Flores.\n\n\t\t\t\t<\/figcaption><\/figure>\n\t\t<\/div>\n\n<p>La propuesta de llevar a Plaza Flores la recreaci\u00f3n hist\u00f3rica de la navidad cristiana ha movimentado la comunidades e integrado su convivencia.<\/p>\n<p>Desde octubre se\u00a0 est\u00e1 ensayando la representaci\u00f3n art\u00edstica, que emocionar\u00e1 a todos. \u00abSi bien la idea surgi\u00f3 de un grupo de adolescentes cat\u00f3licos, la propuesta fue siempre integradora, por eso la diversidad de edades y religiones, el pesebre no solo es con actores, adem\u00e1s se sumaron cantantes, coros y bailarines.Va a ser una propuesta muy bonita y diferente. Hay desde ni\u00f1os de 5 a\u00f1os hasta personas de 80 a\u00f1os. Incluyendo a personas con capacidades diferentes\u00bb, enfatiza\u00a0Juan Alvez\u00a0 representante de las parroquias riverenses.<\/p>\n<div id='gallery-2' class='gallery galleryid-4669 gallery-columns-5 gallery-size-thumbnail'><figure class='gallery-item'>\n\t\t\t<div class='gallery-icon portrait'>\n\t\t\t\t<a href='https:\/\/www.rivera.gub.uy\/social\/wp-content\/uploads\/2018\/11\/WhatsApp-Image-2018-11-21-at-22.28.40.jpeg'><img loading=\"lazy\" decoding=\"async\" width=\"150\" height=\"150\" src=\"https:\/\/www.rivera.gub.uy\/social\/wp-content\/uploads\/2018\/11\/WhatsApp-Image-2018-11-21-at-22.28.40-150x150.jpeg\" class=\"attachment-thumbnail size-thumbnail\" alt=\"\" aria-describedby=\"gallery-2-4698\" \/><\/a>\n\t\t\t<\/div>\n\t\t\t\t<figcaption class='wp-caption-text gallery-caption' id='gallery-2-4698'>\n\t\t\t\tPesebre viviente llevar\u00e1 la mensaje de integraci\u00f3n a Plaza Flores \n\t\t\t\t<\/figcaption><\/figure><figure class='gallery-item'>\n\t\t\t<div class='gallery-icon landscape'>\n\t\t\t\t<a href='https:\/\/www.rivera.gub.uy\/social\/wp-content\/uploads\/2018\/11\/WhatsApp-Image-2018-11-21-at-22.28.41.jpeg'><img loading=\"lazy\" decoding=\"async\" width=\"150\" height=\"150\" src=\"https:\/\/www.rivera.gub.uy\/social\/wp-content\/uploads\/2018\/11\/WhatsApp-Image-2018-11-21-at-22.28.41-150x150.jpeg\" class=\"attachment-thumbnail size-thumbnail\" alt=\"\" \/><\/a>\n\t\t\t<\/div><\/figure><figure class='gallery-item'>\n\t\t\t<div class='gallery-icon portrait'>\n\t\t\t\t<a href='https:\/\/www.rivera.gub.uy\/social\/wp-content\/uploads\/2018\/11\/WhatsApp-Image-2018-11-21-at-22.28.42-1.jpeg'><img loading=\"lazy\" decoding=\"async\" width=\"150\" height=\"150\" src=\"https:\/\/www.rivera.gub.uy\/social\/wp-content\/uploads\/2018\/11\/WhatsApp-Image-2018-11-21-at-22.28.42-1-150x150.jpeg\" class=\"attachment-thumbnail size-thumbnail\" alt=\"\" \/><\/a>\n\t\t\t<\/div><\/figure><figure class='gallery-item'>\n\t\t\t<div class='gallery-icon portrait'>\n\t\t\t\t<a href='https:\/\/www.rivera.gub.uy\/social\/wp-content\/uploads\/2018\/11\/WhatsApp-Image-2018-11-21-at-22.28.42-2.jpeg'><img loading=\"lazy\" decoding=\"async\" width=\"150\" height=\"150\" src=\"https:\/\/www.rivera.gub.uy\/social\/wp-content\/uploads\/2018\/11\/WhatsApp-Image-2018-11-21-at-22.28.42-2-150x150.jpeg\" class=\"attachment-thumbnail size-thumbnail\" alt=\"\" \/><\/a>\n\t\t\t<\/div><\/figure><figure class='gallery-item'>\n\t\t\t<div class='gallery-icon portrait'>\n\t\t\t\t<a href='https:\/\/www.rivera.gub.uy\/social\/wp-content\/uploads\/2018\/11\/WhatsApp-Image-2018-11-21-at-22.28.42.jpeg'><img loading=\"lazy\" decoding=\"async\" width=\"150\" height=\"150\" src=\"https:\/\/www.rivera.gub.uy\/social\/wp-content\/uploads\/2018\/11\/WhatsApp-Image-2018-11-21-at-22.28.42-150x150.jpeg\" class=\"attachment-thumbnail size-thumbnail\" alt=\"\" \/><\/a>\n\t\t\t<\/div><\/figure>\n\t\t<\/div>\n\n<p>&nbsp;<\/p>\n<p><strong>Rivera Brilla 2018<\/strong><\/p>\n<p><span style=\"font-weight: 400;\">Rivera Brilla llega a su tercera edici\u00f3n nacida de diversos grupos \u00a0que hacen posible la realizaci\u00f3n de la decoraci\u00f3n, iluminaci\u00f3n y programaci\u00f3n art\u00edstico\/cultural. Son escolares, liceales, clasificadores, \u00a0centros barriales, artesanos, diferentes \u00e1reas de la Intendencia Departamental de Rivera, el ingenio popular y profesionales que estampan este sue\u00f1o hecho realidad. Empresarios y ciudadanos se suman a esta fiesta tan nuestra que ya se consolida como una tradici\u00f3n riverense.<\/span><\/p>\n<p><span style=\"font-weight: 400;\">El Rivera Brilla 2018 busca mostrar la diversidad y las mezclas culturales que nos conforman como departamento. La decoraci\u00f3n engloba tres grandes propuestas: la fiesta de la identidad fronteriza, la Navidad Cristiana y una reflexi\u00f3n sobre la importancia del reciclaje.<\/span><\/p>\n<p>&nbsp;<\/p>\n<p>&nbsp;<\/p>\n","protected":false},"excerpt":{"rendered":"<p>Plaza Flores ser\u00e1 el escenario elegido para la recreaci\u00f3n hist\u00f3rica de la Navidad. La decoraci\u00f3n de este espacio fue realizada por j\u00f3venes del Liceo de Minas de Corrales, coordinados por el profesor Daniel Gularte.<\/p>\n","protected":false},"author":2,"featured_media":4744,"comment_status":"open","ping_status":"open","sticky":false,"template":"","format":"standard","meta":{"footnotes":""},"categories":[8,1],"tags":[259,135,17,128],"_links":{"self":[{"href":"https:\/\/www.rivera.gub.uy\/social\/wp-json\/wp\/v2\/posts\/4669"}],"collection":[{"href":"https:\/\/www.rivera.gub.uy\/social\/wp-json\/wp\/v2\/posts"}],"about":[{"href":"https:\/\/www.rivera.gub.uy\/social\/wp-json\/wp\/v2\/types\/post"}],"author":[{"embeddable":true,"href":"https:\/\/www.rivera.gub.uy\/social\/wp-json\/wp\/v2\/users\/2"}],"replies":[{"embeddable":true,"href":"https:\/\/www.rivera.gub.uy\/social\/wp-json\/wp\/v2\/comments?post=4669"}],"version-history":[{"count":12,"href":"https:\/\/www.rivera.gub.uy\/social\/wp-json\/wp\/v2\/posts\/4669\/revisions"}],"predecessor-version":[{"id":4771,"href":"https:\/\/www.rivera.gub.uy\/social\/wp-json\/wp\/v2\/posts\/4669\/revisions\/4771"}],"wp:featuredmedia":[{"embeddable":true,"href":"https:\/\/www.rivera.gub.uy\/social\/wp-json\/wp\/v2\/media\/4744"}],"wp:attachment":[{"href":"https:\/\/www.rivera.gub.uy\/social\/wp-json\/wp\/v2\/media?parent=4669"}],"wp:term":[{"taxonomy":"category","embeddable":true,"href":"https:\/\/www.rivera.gub.uy\/social\/wp-json\/wp\/v2\/categories?post=4669"},{"taxonomy":"post_tag","embeddable":true,"href":"https:\/\/www.rivera.gub.uy\/social\/wp-json\/wp\/v2\/tags?post=4669"}],"curies":[{"name":"wp","href":"https:\/\/api.w.org\/{rel}","templated":true}]}}