{"id":4671,"date":"2018-11-20T00:09:19","date_gmt":"2018-11-20T00:09:19","guid":{"rendered":"https:\/\/rivera.gub.uy\/social\/?p=4671"},"modified":"2018-12-03T16:28:57","modified_gmt":"2018-12-03T16:28:57","slug":"plaza-18-de-julio-invita-a-reflexionar-transformar-y-reciclar","status":"publish","type":"post","link":"https:\/\/www.rivera.gub.uy\/social\/plaza-18-de-julio-invita-a-reflexionar-transformar-y-reciclar\/","title":{"rendered":"Plaza 18 de Julio invita a reflexionar,  transformar y reciclar"},"content":{"rendered":"<p><span style=\"font-weight: 400;\">M\u00e1s all\u00e1 de decorar, los elementos que estar\u00e1n en Plaza 18 de Julio proponen una reflexi\u00f3n sobre el verdadero sentido de las fiestas de fin de a\u00f1o y \u00a0sobre nuestra responsabilidad con el cuidado del medio ambiente. <\/span><!--more--><\/p>\n<p><span style=\"font-weight: 400;\">En Plaza 18 de Julio, los visitantes se encontrar\u00e1n con mu\u00f1ecos, trineos, casitas y \u00e1rboles navide\u00f1os hechos \u00fanicamente con materiales reciclados, creados a partir del reciclaje de m\u00e1s de 70000 botellas de pl\u00e1sticos. Los elementos fueron creados por \u00a0un equipo formado por mujeres artesanas que ha trabajando durante varios meses para construir estas estructuras hechas de botellas recicladas. <\/span><\/p>\n<p><span style=\"font-weight: 400;\">\u00abEsto muestra como algo que va a la basura, puede transformarse en algo lindo, algo decorativo. Invitamos a que, en estas fiestas, \u00a0todos reflexionen sobre la separaci\u00f3n correcta de los desechos, a que cuidemos el Planeta que vamos a dejar para nuestros hijos y nietos. El reciclado es el futuro del mundo\u00bb, destaca Marianella de Barros, coordinadora del taller de producci\u00f3n de elementos del Rivera Brilla hechos con materiales reciclados. <\/span><\/p>\n<p><span style=\"font-weight: 400;\">Organizada por la Intendencia Departamental de Rivera, \u00a0Rivera Brilla en diciembre llega su tercera edici\u00f3n nacida de diversos grupos \u00a0que hacen posible la realizaci\u00f3n de la decoraci\u00f3n, iluminaci\u00f3n y programaci\u00f3n art\u00edstico\/cultural. Son escolares, liceales, clasificadores, \u00a0centros barriales, artesanos, diferentes \u00e1reas de la intendencia, el ingenio popular y profesionales que estampan este sue\u00f1o hecho realidad. Empresarios y ciudadanos se suman a esta fiesta tan nuestra que ya se consolida como una tradici\u00f3n riverense.<\/span><\/p>\n<p><span style=\"font-weight: 400;\">El Rivera Brilla 2018 busca mostrar la diversidad y las mezclas culturales que nos conforman como departamento. La decoraci\u00f3n engloba tres grandes propuestas: la fiesta de la identidad fronteriza, la Navidad Cristiana y una reflexi\u00f3n sobre la importancia del reciclaje. <\/span><\/p>\n<p>&nbsp;<\/p>\n<p>&nbsp;<\/p>\n","protected":false},"excerpt":{"rendered":"<p>M\u00e1s all\u00e1 de decorar, los elementos que estar\u00e1n en Plaza 18 de Julio proponen una reflexi\u00f3n sobre el verdadero sentido de las fiestas de fin de a\u00f1o y \u00a0sobre nuestra responsabilidad con el cuidado del medio ambiente.<\/p>\n","protected":false},"author":2,"featured_media":4749,"comment_status":"open","ping_status":"open","sticky":false,"template":"","format":"standard","meta":{"footnotes":""},"categories":[8,1],"tags":[26,58,11,200,17,128],"_links":{"self":[{"href":"https:\/\/www.rivera.gub.uy\/social\/wp-json\/wp\/v2\/posts\/4671"}],"collection":[{"href":"https:\/\/www.rivera.gub.uy\/social\/wp-json\/wp\/v2\/posts"}],"about":[{"href":"https:\/\/www.rivera.gub.uy\/social\/wp-json\/wp\/v2\/types\/post"}],"author":[{"embeddable":true,"href":"https:\/\/www.rivera.gub.uy\/social\/wp-json\/wp\/v2\/users\/2"}],"replies":[{"embeddable":true,"href":"https:\/\/www.rivera.gub.uy\/social\/wp-json\/wp\/v2\/comments?post=4671"}],"version-history":[{"count":5,"href":"https:\/\/www.rivera.gub.uy\/social\/wp-json\/wp\/v2\/posts\/4671\/revisions"}],"predecessor-version":[{"id":4773,"href":"https:\/\/www.rivera.gub.uy\/social\/wp-json\/wp\/v2\/posts\/4671\/revisions\/4773"}],"wp:featuredmedia":[{"embeddable":true,"href":"https:\/\/www.rivera.gub.uy\/social\/wp-json\/wp\/v2\/media\/4749"}],"wp:attachment":[{"href":"https:\/\/www.rivera.gub.uy\/social\/wp-json\/wp\/v2\/media?parent=4671"}],"wp:term":[{"taxonomy":"category","embeddable":true,"href":"https:\/\/www.rivera.gub.uy\/social\/wp-json\/wp\/v2\/categories?post=4671"},{"taxonomy":"post_tag","embeddable":true,"href":"https:\/\/www.rivera.gub.uy\/social\/wp-json\/wp\/v2\/tags?post=4671"}],"curies":[{"name":"wp","href":"https:\/\/api.w.org\/{rel}","templated":true}]}}