{"id":4691,"date":"2018-11-20T14:36:24","date_gmt":"2018-11-20T14:36:24","guid":{"rendered":"https:\/\/rivera.gub.uy\/social\/?p=4691"},"modified":"2018-11-29T16:54:18","modified_gmt":"2018-11-29T16:54:18","slug":"desfile-de-bandas","status":"publish","type":"post","link":"https:\/\/www.rivera.gub.uy\/social\/desfile-de-bandas\/","title":{"rendered":"Desfile de Bandas"},"content":{"rendered":"<p>Este domingo 18, en horas de la tarde, por avenida Sarand\u00ed, se realiz\u00f3 el Desfile Internacional de Bandas Marchantes organizado por Divisi\u00f3n Cultura.<!--more--><br \/>\nParticiparon 17 bandas de Rivera y Livramento, as\u00ed como tambi\u00e9n, bandas invitadas especiales de\u00a0 Paso de los Toros, Porto Alegre y Belo Horizonte.<br \/>\nEl p\u00fablico alent\u00f3 el pasaje de los diversos conjuntos r\u00edtmico-musicales, con calurosos aplausos.<\/p>\n<div id='gallery-1' class='gallery galleryid-4691 gallery-columns-2 gallery-size-thumbnail'><figure class='gallery-item'>\n\t\t\t<div class='gallery-icon landscape'>\n\t\t\t\t<a href='https:\/\/www.rivera.gub.uy\/social\/wp-content\/uploads\/2018\/11\/1-1.jpg'><img loading=\"lazy\" decoding=\"async\" width=\"150\" height=\"150\" src=\"https:\/\/www.rivera.gub.uy\/social\/wp-content\/uploads\/2018\/11\/1-1-150x150.jpg\" class=\"attachment-thumbnail size-thumbnail\" alt=\"\" \/><\/a>\n\t\t\t<\/div><\/figure><figure class='gallery-item'>\n\t\t\t<div class='gallery-icon landscape'>\n\t\t\t\t<a href='https:\/\/www.rivera.gub.uy\/social\/wp-content\/uploads\/2018\/11\/2-1.jpg'><img loading=\"lazy\" decoding=\"async\" width=\"150\" height=\"150\" src=\"https:\/\/www.rivera.gub.uy\/social\/wp-content\/uploads\/2018\/11\/2-1-150x150.jpg\" class=\"attachment-thumbnail size-thumbnail\" alt=\"\" \/><\/a>\n\t\t\t<\/div><\/figure>\n\t\t<\/div>\n\n","protected":false},"excerpt":{"rendered":"<p>Este domingo 18, en horas de la tarde, por avenida Sarand\u00ed, se realiz\u00f3 el Desfile Internacional de Bandas Marchantes organizado por Divisi\u00f3n Cultura.<\/p>\n","protected":false},"author":2,"featured_media":4692,"comment_status":"open","ping_status":"open","sticky":false,"template":"","format":"standard","meta":{"footnotes":""},"categories":[8,7],"tags":[205,58,38,17],"_links":{"self":[{"href":"https:\/\/www.rivera.gub.uy\/social\/wp-json\/wp\/v2\/posts\/4691"}],"collection":[{"href":"https:\/\/www.rivera.gub.uy\/social\/wp-json\/wp\/v2\/posts"}],"about":[{"href":"https:\/\/www.rivera.gub.uy\/social\/wp-json\/wp\/v2\/types\/post"}],"author":[{"embeddable":true,"href":"https:\/\/www.rivera.gub.uy\/social\/wp-json\/wp\/v2\/users\/2"}],"replies":[{"embeddable":true,"href":"https:\/\/www.rivera.gub.uy\/social\/wp-json\/wp\/v2\/comments?post=4691"}],"version-history":[{"count":1,"href":"https:\/\/www.rivera.gub.uy\/social\/wp-json\/wp\/v2\/posts\/4691\/revisions"}],"predecessor-version":[{"id":4694,"href":"https:\/\/www.rivera.gub.uy\/social\/wp-json\/wp\/v2\/posts\/4691\/revisions\/4694"}],"wp:featuredmedia":[{"embeddable":true,"href":"https:\/\/www.rivera.gub.uy\/social\/wp-json\/wp\/v2\/media\/4692"}],"wp:attachment":[{"href":"https:\/\/www.rivera.gub.uy\/social\/wp-json\/wp\/v2\/media?parent=4691"}],"wp:term":[{"taxonomy":"category","embeddable":true,"href":"https:\/\/www.rivera.gub.uy\/social\/wp-json\/wp\/v2\/categories?post=4691"},{"taxonomy":"post_tag","embeddable":true,"href":"https:\/\/www.rivera.gub.uy\/social\/wp-json\/wp\/v2\/tags?post=4691"}],"curies":[{"name":"wp","href":"https:\/\/api.w.org\/{rel}","templated":true}]}}