{"id":4729,"date":"2018-11-28T15:27:34","date_gmt":"2018-11-28T15:27:34","guid":{"rendered":"https:\/\/rivera.gub.uy\/social\/?p=4729"},"modified":"2018-11-29T16:53:42","modified_gmt":"2018-11-29T16:53:42","slug":"primer-festival-de-patin-artistico-de-rivera","status":"publish","type":"post","link":"https:\/\/www.rivera.gub.uy\/social\/primer-festival-de-patin-artistico-de-rivera\/","title":{"rendered":"Primer Festival de Pat\u00edn Art\u00edstico de Rivera."},"content":{"rendered":"<div class=\"\">\n<div class=\"_1mf _1mj\">Para cerrar con broche de oro de las actividades de Pat\u00edn Art\u00edstico\u00a0 que se llevaron acabo durante todo el a\u00f1o por parte de Divisi\u00f3n Deportes y la Federaci\u00f3n Uruguaya de Pat\u00edn y Hockey, despedimos el a\u00f1o con un gran festival donde se presentar\u00e1n La Escuelita Departamental de Pat\u00edn y las mejores patinadoras del pa\u00eds con trayectoria internacional.<\/div>\n<\/div>\n<div class=\"\">\n<div class=\"_1mf _1mj\">S\u00e1bado 8 de diciembre, hora 18:00<\/div>\n<\/div>\n<div class=\"\">\n<div class=\"_1mf _1mj\">Club Sarand\u00ed Universitario<\/div>\n<\/div>\n<div class=\"\">\n<div class=\"_1mf _1mj\">Entrada: Bono de colaboraci\u00f3n de $ 50<\/div>\n<\/div>\n<div class=\"\">\n<div class=\"_1mf _1mj\"><\/div>\n<\/div>\n<div class=\"\">\n<div class=\"_1mf _1mj\">Organiza: Direcci\u00f3n General de Promoci\u00f3n y Acci\u00f3n Social a trav\u00e9s de Divisi\u00f3n Deportes y Federaci\u00f3n Uruguaya de Pat\u00edn y Hockey.<\/div>\n<\/div>\n<div class=\"\">\n<div class=\"_1mf _1mj\">Apoya: Amigos del Deporte de Rivera<\/div>\n<\/div>\n","protected":false},"excerpt":{"rendered":"<p>Para cerrar con broche de oro de las actividades de Pat\u00edn Art\u00edstico\u00a0 que se llevaron acabo durante todo el a\u00f1o por parte de Divisi\u00f3n Deportes y la Federaci\u00f3n Uruguaya de Pat\u00edn y Hockey, despedimos el a\u00f1o con un gran festival donde se presentar\u00e1n La Escuelita Departamental de Pat\u00edn y las mejores patinadoras del pa\u00eds con [&hellip;]<\/p>\n","protected":false},"author":4,"featured_media":4730,"comment_status":"open","ping_status":"open","sticky":false,"template":"","format":"standard","meta":{"footnotes":""},"categories":[6,8,5,7,9],"tags":[],"_links":{"self":[{"href":"https:\/\/www.rivera.gub.uy\/social\/wp-json\/wp\/v2\/posts\/4729"}],"collection":[{"href":"https:\/\/www.rivera.gub.uy\/social\/wp-json\/wp\/v2\/posts"}],"about":[{"href":"https:\/\/www.rivera.gub.uy\/social\/wp-json\/wp\/v2\/types\/post"}],"author":[{"embeddable":true,"href":"https:\/\/www.rivera.gub.uy\/social\/wp-json\/wp\/v2\/users\/4"}],"replies":[{"embeddable":true,"href":"https:\/\/www.rivera.gub.uy\/social\/wp-json\/wp\/v2\/comments?post=4729"}],"version-history":[{"count":2,"href":"https:\/\/www.rivera.gub.uy\/social\/wp-json\/wp\/v2\/posts\/4729\/revisions"}],"predecessor-version":[{"id":4762,"href":"https:\/\/www.rivera.gub.uy\/social\/wp-json\/wp\/v2\/posts\/4729\/revisions\/4762"}],"wp:featuredmedia":[{"embeddable":true,"href":"https:\/\/www.rivera.gub.uy\/social\/wp-json\/wp\/v2\/media\/4730"}],"wp:attachment":[{"href":"https:\/\/www.rivera.gub.uy\/social\/wp-json\/wp\/v2\/media?parent=4729"}],"wp:term":[{"taxonomy":"category","embeddable":true,"href":"https:\/\/www.rivera.gub.uy\/social\/wp-json\/wp\/v2\/categories?post=4729"},{"taxonomy":"post_tag","embeddable":true,"href":"https:\/\/www.rivera.gub.uy\/social\/wp-json\/wp\/v2\/tags?post=4729"}],"curies":[{"name":"wp","href":"https:\/\/api.w.org\/{rel}","templated":true}]}}