{"id":4751,"date":"2018-11-29T15:05:38","date_gmt":"2018-11-29T15:05:38","guid":{"rendered":"https:\/\/rivera.gub.uy\/social\/?p=4751"},"modified":"2018-11-29T16:36:39","modified_gmt":"2018-11-29T16:36:39","slug":"dia-del-musico","status":"publish","type":"post","link":"https:\/\/www.rivera.gub.uy\/social\/dia-del-musico\/","title":{"rendered":"D\u00eda del M\u00fasico"},"content":{"rendered":"<p>El jueves 22 de noviembre , en el Teatro Municipal, se present\u00f3 el recital de la Orquesta Departamental \u00abTributo a los Iracundos\u00bb , celebrando el D\u00eda del M\u00fasico .<!--more--><\/p>\n<div>\n<p>La Junta Departamental que declar\u00f3 recientemente al 22 de noviembre como D\u00eda del M\u00fasico Riverense, homenaje\u00f3 a seis m\u00fasicos de nuestro medio, de larga trayectoria. Ellos fueron: Ary Souza, Wayner Pintos, Efra\u00edn Bottasso, Teresita Barcellos, Ruben Trindade y Adalberto Rodr\u00edguez.<\/p>\n<\/div>\n<div>La Divis\u00f3n Cultura de la IDR hizo entrega de un reconocimiento al Sr Wilson Acosta, comunicador que ha difundido la m\u00fasica de Los Iracundos durante m\u00e1s de 40 a\u00f1os, en emisoras de la capital y el interior del pa\u00eds, especialmente, nuestro departamento.<\/div>\n<div>La sala totalmente colmada, aplaudi\u00f3 con gran entusiasmo las excelentes interpretaciones de la Orquesta y los homenajes realizados.<\/div>\n<div>\n<div id='gallery-1' class='gallery galleryid-4751 gallery-columns-3 gallery-size-thumbnail'><figure class='gallery-item'>\n\t\t\t<div class='gallery-icon landscape'>\n\t\t\t\t<a href='https:\/\/www.rivera.gub.uy\/social\/wp-content\/uploads\/2018\/11\/1r.jpg'><img loading=\"lazy\" decoding=\"async\" width=\"150\" height=\"150\" src=\"https:\/\/www.rivera.gub.uy\/social\/wp-content\/uploads\/2018\/11\/1r-150x150.jpg\" class=\"attachment-thumbnail size-thumbnail\" alt=\"\" \/><\/a>\n\t\t\t<\/div><\/figure><figure class='gallery-item'>\n\t\t\t<div class='gallery-icon landscape'>\n\t\t\t\t<a href='https:\/\/www.rivera.gub.uy\/social\/wp-content\/uploads\/2018\/11\/2r.jpg'><img loading=\"lazy\" decoding=\"async\" width=\"150\" height=\"150\" src=\"https:\/\/www.rivera.gub.uy\/social\/wp-content\/uploads\/2018\/11\/2r-150x150.jpg\" class=\"attachment-thumbnail size-thumbnail\" alt=\"\" \/><\/a>\n\t\t\t<\/div><\/figure><figure class='gallery-item'>\n\t\t\t<div class='gallery-icon portrait'>\n\t\t\t\t<a href='https:\/\/www.rivera.gub.uy\/social\/wp-content\/uploads\/2018\/11\/3r.jpg'><img loading=\"lazy\" decoding=\"async\" width=\"150\" height=\"150\" src=\"https:\/\/www.rivera.gub.uy\/social\/wp-content\/uploads\/2018\/11\/3r-150x150.jpg\" class=\"attachment-thumbnail size-thumbnail\" alt=\"\" \/><\/a>\n\t\t\t<\/div><\/figure>\n\t\t<\/div>\n\n<\/div>\n<div><\/div>\n","protected":false},"excerpt":{"rendered":"<p>El jueves 22 de noviembre , en el Teatro Municipal, se present\u00f3 el recital de la Orquesta Departamental \u00abTributo a los Iracundos\u00bb , celebrando el D\u00eda del M\u00fasico .<\/p>\n","protected":false},"author":2,"featured_media":4754,"comment_status":"open","ping_status":"open","sticky":false,"template":"","format":"standard","meta":{"footnotes":""},"categories":[8],"tags":[58,261,38,262,17],"_links":{"self":[{"href":"https:\/\/www.rivera.gub.uy\/social\/wp-json\/wp\/v2\/posts\/4751"}],"collection":[{"href":"https:\/\/www.rivera.gub.uy\/social\/wp-json\/wp\/v2\/posts"}],"about":[{"href":"https:\/\/www.rivera.gub.uy\/social\/wp-json\/wp\/v2\/types\/post"}],"author":[{"embeddable":true,"href":"https:\/\/www.rivera.gub.uy\/social\/wp-json\/wp\/v2\/users\/2"}],"replies":[{"embeddable":true,"href":"https:\/\/www.rivera.gub.uy\/social\/wp-json\/wp\/v2\/comments?post=4751"}],"version-history":[{"count":2,"href":"https:\/\/www.rivera.gub.uy\/social\/wp-json\/wp\/v2\/posts\/4751\/revisions"}],"predecessor-version":[{"id":4756,"href":"https:\/\/www.rivera.gub.uy\/social\/wp-json\/wp\/v2\/posts\/4751\/revisions\/4756"}],"wp:featuredmedia":[{"embeddable":true,"href":"https:\/\/www.rivera.gub.uy\/social\/wp-json\/wp\/v2\/media\/4754"}],"wp:attachment":[{"href":"https:\/\/www.rivera.gub.uy\/social\/wp-json\/wp\/v2\/media?parent=4751"}],"wp:term":[{"taxonomy":"category","embeddable":true,"href":"https:\/\/www.rivera.gub.uy\/social\/wp-json\/wp\/v2\/categories?post=4751"},{"taxonomy":"post_tag","embeddable":true,"href":"https:\/\/www.rivera.gub.uy\/social\/wp-json\/wp\/v2\/tags?post=4751"}],"curies":[{"name":"wp","href":"https:\/\/api.w.org\/{rel}","templated":true}]}}