{"id":4788,"date":"2018-12-03T17:54:23","date_gmt":"2018-12-03T17:54:23","guid":{"rendered":"https:\/\/rivera.gub.uy\/social\/?p=4788"},"modified":"2018-12-03T17:54:23","modified_gmt":"2018-12-03T17:54:23","slug":"rivera-brilla-2018","status":"publish","type":"post","link":"https:\/\/www.rivera.gub.uy\/social\/rivera-brilla-2018\/","title":{"rendered":"Rivera Brilla 2018"},"content":{"rendered":"<h4>El s\u00e1bado 01 de diciembre, el Intendente de Rivera Dr. Marne Osorio junto al Director de Turismo Lic. Carlos Martorell y dem\u00e1s autoridades departamentales, encendieron las luces de <a href=\"https:\/\/www.rivera.gub.uy\/portal\/\">Rivera Brilla<\/a> en<span style=\"font-size: 16px\">\u00a0la Plaza Artigas. Las mismas estar\u00e1n encendidas hasta el d\u00eda 31 de diciembre en Av. Sarand\u00ed, Pte. Viera, Plaza Artigas y Plaza 18 de Julio con varias actividades art\u00edsticas y culturales.\u00a0<\/span><\/h4>\n<p><img loading=\"lazy\" decoding=\"async\" class=\"alignnone size-medium wp-image-4797\" src=\"https:\/\/rivera.gub.uy\/social\/wp-content\/uploads\/2018\/12\/IMG_7498-225x300.jpg\" alt=\"\" width=\"225\" height=\"300\" srcset=\"https:\/\/www.rivera.gub.uy\/social\/wp-content\/uploads\/2018\/12\/IMG_7498-225x300.jpg 225w, https:\/\/www.rivera.gub.uy\/social\/wp-content\/uploads\/2018\/12\/IMG_7498.jpg 720w\" sizes=\"(max-width: 225px) 100vw, 225px\" \/> <img loading=\"lazy\" decoding=\"async\" class=\"alignnone size-medium wp-image-4796\" src=\"https:\/\/rivera.gub.uy\/social\/wp-content\/uploads\/2018\/12\/IMG_7497-285x300.jpg\" alt=\"\" width=\"285\" height=\"300\" srcset=\"https:\/\/www.rivera.gub.uy\/social\/wp-content\/uploads\/2018\/12\/IMG_7497-285x300.jpg 285w, https:\/\/www.rivera.gub.uy\/social\/wp-content\/uploads\/2018\/12\/IMG_7497-768x808.jpg 768w, https:\/\/www.rivera.gub.uy\/social\/wp-content\/uploads\/2018\/12\/IMG_7497-820x862.jpg 820w, https:\/\/www.rivera.gub.uy\/social\/wp-content\/uploads\/2018\/12\/IMG_7497.jpg 913w\" sizes=\"(max-width: 285px) 100vw, 285px\" \/><\/p>\n<p><img loading=\"lazy\" decoding=\"async\" class=\"alignnone size-medium wp-image-4795\" src=\"https:\/\/rivera.gub.uy\/social\/wp-content\/uploads\/2018\/12\/IMG_7496-300x225.jpg\" alt=\"\" width=\"300\" height=\"225\" srcset=\"https:\/\/www.rivera.gub.uy\/social\/wp-content\/uploads\/2018\/12\/IMG_7496-300x225.jpg 300w, https:\/\/www.rivera.gub.uy\/social\/wp-content\/uploads\/2018\/12\/IMG_7496-768x576.jpg 768w, https:\/\/www.rivera.gub.uy\/social\/wp-content\/uploads\/2018\/12\/IMG_7496-820x615.jpg 820w, https:\/\/www.rivera.gub.uy\/social\/wp-content\/uploads\/2018\/12\/IMG_7496.jpg 960w\" sizes=\"(max-width: 300px) 100vw, 300px\" \/> <img loading=\"lazy\" decoding=\"async\" class=\"alignnone size-medium wp-image-4794\" src=\"https:\/\/rivera.gub.uy\/social\/wp-content\/uploads\/2018\/12\/IMG_7495-300x225.jpg\" alt=\"\" width=\"300\" height=\"225\" srcset=\"https:\/\/www.rivera.gub.uy\/social\/wp-content\/uploads\/2018\/12\/IMG_7495-300x225.jpg 300w, https:\/\/www.rivera.gub.uy\/social\/wp-content\/uploads\/2018\/12\/IMG_7495-768x576.jpg 768w, https:\/\/www.rivera.gub.uy\/social\/wp-content\/uploads\/2018\/12\/IMG_7495-820x615.jpg 820w, https:\/\/www.rivera.gub.uy\/social\/wp-content\/uploads\/2018\/12\/IMG_7495.jpg 960w\" sizes=\"(max-width: 300px) 100vw, 300px\" \/><\/p>\n<p><img loading=\"lazy\" decoding=\"async\" class=\"alignnone size-medium wp-image-4793\" src=\"https:\/\/rivera.gub.uy\/social\/wp-content\/uploads\/2018\/12\/IMG_7494-300x225.jpg\" alt=\"\" width=\"300\" height=\"225\" srcset=\"https:\/\/www.rivera.gub.uy\/social\/wp-content\/uploads\/2018\/12\/IMG_7494-300x225.jpg 300w, https:\/\/www.rivera.gub.uy\/social\/wp-content\/uploads\/2018\/12\/IMG_7494-768x576.jpg 768w, https:\/\/www.rivera.gub.uy\/social\/wp-content\/uploads\/2018\/12\/IMG_7494-820x615.jpg 820w, https:\/\/www.rivera.gub.uy\/social\/wp-content\/uploads\/2018\/12\/IMG_7494.jpg 960w\" sizes=\"(max-width: 300px) 100vw, 300px\" \/> <img loading=\"lazy\" decoding=\"async\" class=\"alignnone size-medium wp-image-4792\" src=\"https:\/\/rivera.gub.uy\/social\/wp-content\/uploads\/2018\/12\/IMG_7493-300x225.jpg\" alt=\"\" width=\"300\" height=\"225\" srcset=\"https:\/\/www.rivera.gub.uy\/social\/wp-content\/uploads\/2018\/12\/IMG_7493-300x225.jpg 300w, https:\/\/www.rivera.gub.uy\/social\/wp-content\/uploads\/2018\/12\/IMG_7493-768x576.jpg 768w, https:\/\/www.rivera.gub.uy\/social\/wp-content\/uploads\/2018\/12\/IMG_7493-820x615.jpg 820w, https:\/\/www.rivera.gub.uy\/social\/wp-content\/uploads\/2018\/12\/IMG_7493.jpg 960w\" sizes=\"(max-width: 300px) 100vw, 300px\" \/><\/p>\n","protected":false},"excerpt":{"rendered":"<p>El s\u00e1bado 01 de diciembre, el Intendente de Rivera Dr. Marne Osorio junto al Director de Turismo Lic. Carlos Martorell y dem\u00e1s autoridades departamentales, encendieron las luces de Rivera Brilla en\u00a0la Plaza Artigas. Las mismas estar\u00e1n encendidas hasta el d\u00eda 31 de diciembre en Av. Sarand\u00ed, Pte. Viera, Plaza Artigas y Plaza 18 de Julio [&hellip;]<\/p>\n","protected":false},"author":3,"featured_media":4800,"comment_status":"open","ping_status":"open","sticky":false,"template":"","format":"standard","meta":{"footnotes":""},"categories":[8,7,9],"tags":[268,264,224,267,135,221,263,223,128],"_links":{"self":[{"href":"https:\/\/www.rivera.gub.uy\/social\/wp-json\/wp\/v2\/posts\/4788"}],"collection":[{"href":"https:\/\/www.rivera.gub.uy\/social\/wp-json\/wp\/v2\/posts"}],"about":[{"href":"https:\/\/www.rivera.gub.uy\/social\/wp-json\/wp\/v2\/types\/post"}],"author":[{"embeddable":true,"href":"https:\/\/www.rivera.gub.uy\/social\/wp-json\/wp\/v2\/users\/3"}],"replies":[{"embeddable":true,"href":"https:\/\/www.rivera.gub.uy\/social\/wp-json\/wp\/v2\/comments?post=4788"}],"version-history":[{"count":2,"href":"https:\/\/www.rivera.gub.uy\/social\/wp-json\/wp\/v2\/posts\/4788\/revisions"}],"predecessor-version":[{"id":4802,"href":"https:\/\/www.rivera.gub.uy\/social\/wp-json\/wp\/v2\/posts\/4788\/revisions\/4802"}],"wp:featuredmedia":[{"embeddable":true,"href":"https:\/\/www.rivera.gub.uy\/social\/wp-json\/wp\/v2\/media\/4800"}],"wp:attachment":[{"href":"https:\/\/www.rivera.gub.uy\/social\/wp-json\/wp\/v2\/media?parent=4788"}],"wp:term":[{"taxonomy":"category","embeddable":true,"href":"https:\/\/www.rivera.gub.uy\/social\/wp-json\/wp\/v2\/categories?post=4788"},{"taxonomy":"post_tag","embeddable":true,"href":"https:\/\/www.rivera.gub.uy\/social\/wp-json\/wp\/v2\/tags?post=4788"}],"curies":[{"name":"wp","href":"https:\/\/api.w.org\/{rel}","templated":true}]}}