{"id":4803,"date":"2018-12-03T18:07:22","date_gmt":"2018-12-03T18:07:22","guid":{"rendered":"https:\/\/rivera.gub.uy\/social\/?p=4803"},"modified":"2018-12-03T18:07:22","modified_gmt":"2018-12-03T18:07:22","slug":"rivera-brilla-2018-2","status":"publish","type":"post","link":"https:\/\/www.rivera.gub.uy\/social\/rivera-brilla-2018-2\/","title":{"rendered":"Rivera Brilla 2018"},"content":{"rendered":"<h4>El domingo 02 de diciembre, Director de Turismo Lic. Carlos Martorell y dem\u00e1s autoridades departamentales, dieron apertura a las actividades art\u00edsticas y culturales en la Plaza 18 de Julio con gran p\u00fablico all\u00ed presente.<\/h4>\n<p><img loading=\"lazy\" decoding=\"async\" class=\"alignnone size-medium wp-image-4807\" src=\"https:\/\/rivera.gub.uy\/social\/wp-content\/uploads\/2018\/12\/IMG_7480-300x225.jpg\" alt=\"\" width=\"300\" height=\"225\" srcset=\"https:\/\/www.rivera.gub.uy\/social\/wp-content\/uploads\/2018\/12\/IMG_7480-300x225.jpg 300w, https:\/\/www.rivera.gub.uy\/social\/wp-content\/uploads\/2018\/12\/IMG_7480-768x576.jpg 768w, https:\/\/www.rivera.gub.uy\/social\/wp-content\/uploads\/2018\/12\/IMG_7480-820x615.jpg 820w, https:\/\/www.rivera.gub.uy\/social\/wp-content\/uploads\/2018\/12\/IMG_7480.jpg 960w\" sizes=\"(max-width: 300px) 100vw, 300px\" \/>\u00a0\u00a0<img loading=\"lazy\" decoding=\"async\" class=\"alignnone size-medium wp-image-4815\" src=\"https:\/\/rivera.gub.uy\/social\/wp-content\/uploads\/2018\/12\/IMG_7490-300x225.jpg\" alt=\"\" width=\"300\" height=\"225\" srcset=\"https:\/\/www.rivera.gub.uy\/social\/wp-content\/uploads\/2018\/12\/IMG_7490-300x225.jpg 300w, https:\/\/www.rivera.gub.uy\/social\/wp-content\/uploads\/2018\/12\/IMG_7490-768x576.jpg 768w, https:\/\/www.rivera.gub.uy\/social\/wp-content\/uploads\/2018\/12\/IMG_7490-820x615.jpg 820w, https:\/\/www.rivera.gub.uy\/social\/wp-content\/uploads\/2018\/12\/IMG_7490.jpg 960w\" sizes=\"(max-width: 300px) 100vw, 300px\" \/><\/p>\n<p><img loading=\"lazy\" decoding=\"async\" class=\"alignnone size-medium wp-image-4809\" src=\"https:\/\/rivera.gub.uy\/social\/wp-content\/uploads\/2018\/12\/IMG_7482-225x300.jpg\" alt=\"\" width=\"225\" height=\"300\" srcset=\"https:\/\/www.rivera.gub.uy\/social\/wp-content\/uploads\/2018\/12\/IMG_7482-225x300.jpg 225w, https:\/\/www.rivera.gub.uy\/social\/wp-content\/uploads\/2018\/12\/IMG_7482.jpg 720w\" sizes=\"(max-width: 225px) 100vw, 225px\" \/> <img loading=\"lazy\" decoding=\"async\" class=\"alignnone size-medium wp-image-4808\" src=\"https:\/\/rivera.gub.uy\/social\/wp-content\/uploads\/2018\/12\/IMG_7481-225x300.jpg\" alt=\"\" width=\"225\" height=\"300\" srcset=\"https:\/\/www.rivera.gub.uy\/social\/wp-content\/uploads\/2018\/12\/IMG_7481-225x300.jpg 225w, https:\/\/www.rivera.gub.uy\/social\/wp-content\/uploads\/2018\/12\/IMG_7481.jpg 720w\" sizes=\"(max-width: 225px) 100vw, 225px\" \/> \u00a0<img loading=\"lazy\" decoding=\"async\" class=\"alignnone size-medium wp-image-4812\" src=\"https:\/\/rivera.gub.uy\/social\/wp-content\/uploads\/2018\/12\/IMG_7485-225x300.jpg\" alt=\"\" width=\"225\" height=\"300\" srcset=\"https:\/\/www.rivera.gub.uy\/social\/wp-content\/uploads\/2018\/12\/IMG_7485-225x300.jpg 225w, https:\/\/www.rivera.gub.uy\/social\/wp-content\/uploads\/2018\/12\/IMG_7485.jpg 720w\" sizes=\"(max-width: 225px) 100vw, 225px\" \/><\/p>\n","protected":false},"excerpt":{"rendered":"<p>El domingo 02 de diciembre, Director de Turismo Lic. Carlos Martorell y dem\u00e1s autoridades departamentales, dieron apertura a las actividades art\u00edsticas y culturales en la Plaza 18 de Julio con gran p\u00fablico all\u00ed presente. \u00a0\u00a0 \u00a0<\/p>\n","protected":false},"author":3,"featured_media":4804,"comment_status":"open","ping_status":"open","sticky":false,"template":"","format":"standard","meta":{"footnotes":""},"categories":[8,7,9],"tags":[],"_links":{"self":[{"href":"https:\/\/www.rivera.gub.uy\/social\/wp-json\/wp\/v2\/posts\/4803"}],"collection":[{"href":"https:\/\/www.rivera.gub.uy\/social\/wp-json\/wp\/v2\/posts"}],"about":[{"href":"https:\/\/www.rivera.gub.uy\/social\/wp-json\/wp\/v2\/types\/post"}],"author":[{"embeddable":true,"href":"https:\/\/www.rivera.gub.uy\/social\/wp-json\/wp\/v2\/users\/3"}],"replies":[{"embeddable":true,"href":"https:\/\/www.rivera.gub.uy\/social\/wp-json\/wp\/v2\/comments?post=4803"}],"version-history":[{"count":2,"href":"https:\/\/www.rivera.gub.uy\/social\/wp-json\/wp\/v2\/posts\/4803\/revisions"}],"predecessor-version":[{"id":4817,"href":"https:\/\/www.rivera.gub.uy\/social\/wp-json\/wp\/v2\/posts\/4803\/revisions\/4817"}],"wp:featuredmedia":[{"embeddable":true,"href":"https:\/\/www.rivera.gub.uy\/social\/wp-json\/wp\/v2\/media\/4804"}],"wp:attachment":[{"href":"https:\/\/www.rivera.gub.uy\/social\/wp-json\/wp\/v2\/media?parent=4803"}],"wp:term":[{"taxonomy":"category","embeddable":true,"href":"https:\/\/www.rivera.gub.uy\/social\/wp-json\/wp\/v2\/categories?post=4803"},{"taxonomy":"post_tag","embeddable":true,"href":"https:\/\/www.rivera.gub.uy\/social\/wp-json\/wp\/v2\/tags?post=4803"}],"curies":[{"name":"wp","href":"https:\/\/api.w.org\/{rel}","templated":true}]}}