{"id":4823,"date":"2018-12-04T20:03:28","date_gmt":"2018-12-04T20:03:28","guid":{"rendered":"https:\/\/rivera.gub.uy\/social\/?p=4823"},"modified":"2018-12-11T16:34:35","modified_gmt":"2018-12-11T16:34:35","slug":"rivera-brilla-actividades-para-todos-los-gustos","status":"publish","type":"post","link":"https:\/\/www.rivera.gub.uy\/social\/rivera-brilla-actividades-para-todos-los-gustos\/","title":{"rendered":"Rivera Brilla: Un programa cultural para todos los p\u00fablicos"},"content":{"rendered":"<p>Compartimos las actividades previstas en el marco de la programaci\u00f3n del Rivera Brilla 2018 para los pr\u00f3ximos dias 7,8 y 9 de diciembre de 2018.<\/p>\n<p>&nbsp;<\/p>\n<p>&nbsp;<\/p>\n<p>&nbsp;<\/p>\n<p><a href=\"https:\/\/rivera.gub.uy\/social\/wp-content\/uploads\/2018\/12\/Banner-RB-dic-07_N3-1.png\"><img loading=\"lazy\" decoding=\"async\" class=\"aligncenter size-full wp-image-4824\" src=\"https:\/\/rivera.gub.uy\/social\/wp-content\/uploads\/2018\/12\/Banner-RB-dic-07_N3-1.png\" alt=\"\" width=\"1000\" height=\"1000\" srcset=\"https:\/\/www.rivera.gub.uy\/social\/wp-content\/uploads\/2018\/12\/Banner-RB-dic-07_N3-1.png 1000w, https:\/\/www.rivera.gub.uy\/social\/wp-content\/uploads\/2018\/12\/Banner-RB-dic-07_N3-1-150x150.png 150w, https:\/\/www.rivera.gub.uy\/social\/wp-content\/uploads\/2018\/12\/Banner-RB-dic-07_N3-1-300x300.png 300w, https:\/\/www.rivera.gub.uy\/social\/wp-content\/uploads\/2018\/12\/Banner-RB-dic-07_N3-1-768x768.png 768w, https:\/\/www.rivera.gub.uy\/social\/wp-content\/uploads\/2018\/12\/Banner-RB-dic-07_N3-1-820x820.png 820w\" sizes=\"(max-width: 1000px) 100vw, 1000px\" \/><\/a><\/p>\n<p><a href=\"https:\/\/rivera.gub.uy\/social\/wp-content\/uploads\/2018\/12\/Banner-RB-dic-08-1.png\"><img loading=\"lazy\" decoding=\"async\" class=\"aligncenter size-full wp-image-4825\" src=\"https:\/\/rivera.gub.uy\/social\/wp-content\/uploads\/2018\/12\/Banner-RB-dic-08-1.png\" alt=\"\" width=\"1000\" height=\"1000\" srcset=\"https:\/\/www.rivera.gub.uy\/social\/wp-content\/uploads\/2018\/12\/Banner-RB-dic-08-1.png 1000w, https:\/\/www.rivera.gub.uy\/social\/wp-content\/uploads\/2018\/12\/Banner-RB-dic-08-1-150x150.png 150w, https:\/\/www.rivera.gub.uy\/social\/wp-content\/uploads\/2018\/12\/Banner-RB-dic-08-1-300x300.png 300w, https:\/\/www.rivera.gub.uy\/social\/wp-content\/uploads\/2018\/12\/Banner-RB-dic-08-1-768x768.png 768w, https:\/\/www.rivera.gub.uy\/social\/wp-content\/uploads\/2018\/12\/Banner-RB-dic-08-1-820x820.png 820w\" sizes=\"(max-width: 1000px) 100vw, 1000px\" \/><\/a><\/p>\n<p>&nbsp;<\/p>\n<p>&nbsp;<\/p>\n<p>&nbsp;<\/p>\n","protected":false},"excerpt":{"rendered":"<p>Compartimos las actividades previstas en el marco de la programaci\u00f3n del Rivera Brilla 2018 para los pr\u00f3ximos dias 7,8 y 9 de diciembre de 2018. &nbsp; &nbsp; &nbsp; &nbsp; &nbsp; &nbsp;<\/p>\n","protected":false},"author":2,"featured_media":4825,"comment_status":"open","ping_status":"open","sticky":false,"template":"","format":"standard","meta":{"footnotes":""},"categories":[8,1,9],"tags":[58,206,135,263,148,128,159],"_links":{"self":[{"href":"https:\/\/www.rivera.gub.uy\/social\/wp-json\/wp\/v2\/posts\/4823"}],"collection":[{"href":"https:\/\/www.rivera.gub.uy\/social\/wp-json\/wp\/v2\/posts"}],"about":[{"href":"https:\/\/www.rivera.gub.uy\/social\/wp-json\/wp\/v2\/types\/post"}],"author":[{"embeddable":true,"href":"https:\/\/www.rivera.gub.uy\/social\/wp-json\/wp\/v2\/users\/2"}],"replies":[{"embeddable":true,"href":"https:\/\/www.rivera.gub.uy\/social\/wp-json\/wp\/v2\/comments?post=4823"}],"version-history":[{"count":4,"href":"https:\/\/www.rivera.gub.uy\/social\/wp-json\/wp\/v2\/posts\/4823\/revisions"}],"predecessor-version":[{"id":4830,"href":"https:\/\/www.rivera.gub.uy\/social\/wp-json\/wp\/v2\/posts\/4823\/revisions\/4830"}],"wp:featuredmedia":[{"embeddable":true,"href":"https:\/\/www.rivera.gub.uy\/social\/wp-json\/wp\/v2\/media\/4825"}],"wp:attachment":[{"href":"https:\/\/www.rivera.gub.uy\/social\/wp-json\/wp\/v2\/media?parent=4823"}],"wp:term":[{"taxonomy":"category","embeddable":true,"href":"https:\/\/www.rivera.gub.uy\/social\/wp-json\/wp\/v2\/categories?post=4823"},{"taxonomy":"post_tag","embeddable":true,"href":"https:\/\/www.rivera.gub.uy\/social\/wp-json\/wp\/v2\/tags?post=4823"}],"curies":[{"name":"wp","href":"https:\/\/api.w.org\/{rel}","templated":true}]}}