{"id":4878,"date":"2019-01-08T15:05:41","date_gmt":"2019-01-08T15:05:41","guid":{"rendered":"https:\/\/rivera.gub.uy\/social\/?p=4878"},"modified":"2019-01-08T15:05:41","modified_gmt":"2019-01-08T15:05:41","slug":"carnaval-2019-7","status":"publish","type":"post","link":"https:\/\/www.rivera.gub.uy\/social\/carnaval-2019-7\/","title":{"rendered":"Carnaval 2019"},"content":{"rendered":"<h3>El d\u00eda de ayer, el Director de Turismo Carlos Martorell junto al Intendente de Rivera Dr. Marne Osorio, el Secretario General Cr. Richard Sander, el Director Gral. de Promoci\u00f3n y Acci\u00f3n Social Cr. Giovani Conti y la Comisi\u00f3n de Carnaval, realizaron la entrega de instrumentos a 6 agrupaciones locales que participar\u00e1n en el Carnaval 2019.<\/h3>\n<p>Felicitamos a las agrupaciones: Agrupaci\u00f3n de Negros y Lubolos Tizones de Ansina, Escola de Samba Uni\u00f3n del Omb\u00fa, Grupo Recreativo Escola de Samba Siempre Cerro, Agrupaci\u00f3n de Negros y Lubolos Tambores del Norte, Agrupaci\u00f3n de Negros y Lubolos Birincunyamba y Bloco Naci\u00f3n Guerrera de la Cuar\u00f3.<\/p>\n<p><!--more--><\/p>\n<p><img loading=\"lazy\" decoding=\"async\" class=\"alignnone size-medium wp-image-4879\" src=\"https:\/\/rivera.gub.uy\/social\/wp-content\/uploads\/2019\/01\/49603570_2310929028946665_7789005074847498240_n-300x225.jpg\" alt=\"\" width=\"300\" height=\"225\" srcset=\"https:\/\/www.rivera.gub.uy\/social\/wp-content\/uploads\/2019\/01\/49603570_2310929028946665_7789005074847498240_n-300x225.jpg 300w, https:\/\/www.rivera.gub.uy\/social\/wp-content\/uploads\/2019\/01\/49603570_2310929028946665_7789005074847498240_n-768x576.jpg 768w, https:\/\/www.rivera.gub.uy\/social\/wp-content\/uploads\/2019\/01\/49603570_2310929028946665_7789005074847498240_n-820x615.jpg 820w, https:\/\/www.rivera.gub.uy\/social\/wp-content\/uploads\/2019\/01\/49603570_2310929028946665_7789005074847498240_n.jpg 960w\" sizes=\"(max-width: 300px) 100vw, 300px\" \/> <img loading=\"lazy\" decoding=\"async\" class=\"alignnone size-medium wp-image-4882\" src=\"https:\/\/rivera.gub.uy\/social\/wp-content\/uploads\/2019\/01\/49801148_2310928842280017_4298501079127031808_n-300x225.jpg\" alt=\"\" width=\"300\" height=\"225\" srcset=\"https:\/\/www.rivera.gub.uy\/social\/wp-content\/uploads\/2019\/01\/49801148_2310928842280017_4298501079127031808_n-300x225.jpg 300w, https:\/\/www.rivera.gub.uy\/social\/wp-content\/uploads\/2019\/01\/49801148_2310928842280017_4298501079127031808_n-768x576.jpg 768w, https:\/\/www.rivera.gub.uy\/social\/wp-content\/uploads\/2019\/01\/49801148_2310928842280017_4298501079127031808_n-820x615.jpg 820w, https:\/\/www.rivera.gub.uy\/social\/wp-content\/uploads\/2019\/01\/49801148_2310928842280017_4298501079127031808_n.jpg 960w\" sizes=\"(max-width: 300px) 100vw, 300px\" \/> <img loading=\"lazy\" decoding=\"async\" class=\"alignnone size-medium wp-image-4884\" src=\"https:\/\/rivera.gub.uy\/social\/wp-content\/uploads\/2019\/01\/49947138_2310928638946704_9012637662590271488_n-300x225.jpg\" alt=\"\" width=\"300\" height=\"225\" srcset=\"https:\/\/www.rivera.gub.uy\/social\/wp-content\/uploads\/2019\/01\/49947138_2310928638946704_9012637662590271488_n-300x225.jpg 300w, https:\/\/www.rivera.gub.uy\/social\/wp-content\/uploads\/2019\/01\/49947138_2310928638946704_9012637662590271488_n-768x576.jpg 768w, https:\/\/www.rivera.gub.uy\/social\/wp-content\/uploads\/2019\/01\/49947138_2310928638946704_9012637662590271488_n-820x615.jpg 820w, https:\/\/www.rivera.gub.uy\/social\/wp-content\/uploads\/2019\/01\/49947138_2310928638946704_9012637662590271488_n.jpg 960w\" sizes=\"(max-width: 300px) 100vw, 300px\" \/> <img loading=\"lazy\" decoding=\"async\" class=\"alignnone size-medium wp-image-4885\" src=\"https:\/\/rivera.gub.uy\/social\/wp-content\/uploads\/2019\/01\/49949418_2310928728946695_7159654493238329344_n-300x225.jpg\" alt=\"\" width=\"300\" height=\"225\" srcset=\"https:\/\/www.rivera.gub.uy\/social\/wp-content\/uploads\/2019\/01\/49949418_2310928728946695_7159654493238329344_n-300x225.jpg 300w, https:\/\/www.rivera.gub.uy\/social\/wp-content\/uploads\/2019\/01\/49949418_2310928728946695_7159654493238329344_n-768x576.jpg 768w, https:\/\/www.rivera.gub.uy\/social\/wp-content\/uploads\/2019\/01\/49949418_2310928728946695_7159654493238329344_n-820x615.jpg 820w, https:\/\/www.rivera.gub.uy\/social\/wp-content\/uploads\/2019\/01\/49949418_2310928728946695_7159654493238329344_n.jpg 960w\" sizes=\"(max-width: 300px) 100vw, 300px\" \/> <img loading=\"lazy\" decoding=\"async\" class=\"alignnone size-medium wp-image-4883\" src=\"https:\/\/rivera.gub.uy\/social\/wp-content\/uploads\/2019\/01\/49914733_2310928622280039_4062507611352727552_n-300x225.jpg\" alt=\"\" width=\"300\" height=\"225\" srcset=\"https:\/\/www.rivera.gub.uy\/social\/wp-content\/uploads\/2019\/01\/49914733_2310928622280039_4062507611352727552_n-300x225.jpg 300w, https:\/\/www.rivera.gub.uy\/social\/wp-content\/uploads\/2019\/01\/49914733_2310928622280039_4062507611352727552_n-768x576.jpg 768w, https:\/\/www.rivera.gub.uy\/social\/wp-content\/uploads\/2019\/01\/49914733_2310928622280039_4062507611352727552_n-820x615.jpg 820w, https:\/\/www.rivera.gub.uy\/social\/wp-content\/uploads\/2019\/01\/49914733_2310928622280039_4062507611352727552_n.jpg 960w\" sizes=\"(max-width: 300px) 100vw, 300px\" \/> <img loading=\"lazy\" decoding=\"async\" class=\"alignnone size-medium wp-image-4886\" src=\"https:\/\/rivera.gub.uy\/social\/wp-content\/uploads\/2019\/01\/49706028_2310928628946705_8317114468312023040_n-300x225.jpg\" alt=\"\" width=\"300\" height=\"225\" srcset=\"https:\/\/www.rivera.gub.uy\/social\/wp-content\/uploads\/2019\/01\/49706028_2310928628946705_8317114468312023040_n-300x225.jpg 300w, https:\/\/www.rivera.gub.uy\/social\/wp-content\/uploads\/2019\/01\/49706028_2310928628946705_8317114468312023040_n-768x576.jpg 768w, https:\/\/www.rivera.gub.uy\/social\/wp-content\/uploads\/2019\/01\/49706028_2310928628946705_8317114468312023040_n-820x615.jpg 820w, https:\/\/www.rivera.gub.uy\/social\/wp-content\/uploads\/2019\/01\/49706028_2310928628946705_8317114468312023040_n.jpg 960w\" sizes=\"(max-width: 300px) 100vw, 300px\" \/><\/p>\n","protected":false},"excerpt":{"rendered":"<p>El d\u00eda de ayer, el Director de Turismo Carlos Martorell junto al Intendente de Rivera Dr. Marne Osorio, el Secretario General Cr. Richard Sander, el Director Gral. de Promoci\u00f3n y Acci\u00f3n Social Cr. Giovani Conti y la Comisi\u00f3n de Carnaval, realizaron la entrega de instrumentos a 6 agrupaciones locales que participar\u00e1n en el Carnaval 2019. [&hellip;]<\/p>\n","protected":false},"author":3,"featured_media":4881,"comment_status":"open","ping_status":"open","sticky":false,"template":"","format":"standard","meta":{"footnotes":""},"categories":[6,8,1,7,9],"tags":[274,143,207,273,275,211,272,11,140,271],"_links":{"self":[{"href":"https:\/\/www.rivera.gub.uy\/social\/wp-json\/wp\/v2\/posts\/4878"}],"collection":[{"href":"https:\/\/www.rivera.gub.uy\/social\/wp-json\/wp\/v2\/posts"}],"about":[{"href":"https:\/\/www.rivera.gub.uy\/social\/wp-json\/wp\/v2\/types\/post"}],"author":[{"embeddable":true,"href":"https:\/\/www.rivera.gub.uy\/social\/wp-json\/wp\/v2\/users\/3"}],"replies":[{"embeddable":true,"href":"https:\/\/www.rivera.gub.uy\/social\/wp-json\/wp\/v2\/comments?post=4878"}],"version-history":[{"count":3,"href":"https:\/\/www.rivera.gub.uy\/social\/wp-json\/wp\/v2\/posts\/4878\/revisions"}],"predecessor-version":[{"id":4889,"href":"https:\/\/www.rivera.gub.uy\/social\/wp-json\/wp\/v2\/posts\/4878\/revisions\/4889"}],"wp:featuredmedia":[{"embeddable":true,"href":"https:\/\/www.rivera.gub.uy\/social\/wp-json\/wp\/v2\/media\/4881"}],"wp:attachment":[{"href":"https:\/\/www.rivera.gub.uy\/social\/wp-json\/wp\/v2\/media?parent=4878"}],"wp:term":[{"taxonomy":"category","embeddable":true,"href":"https:\/\/www.rivera.gub.uy\/social\/wp-json\/wp\/v2\/categories?post=4878"},{"taxonomy":"post_tag","embeddable":true,"href":"https:\/\/www.rivera.gub.uy\/social\/wp-json\/wp\/v2\/tags?post=4878"}],"curies":[{"name":"wp","href":"https:\/\/api.w.org\/{rel}","templated":true}]}}