{"id":4897,"date":"2019-01-24T12:48:49","date_gmt":"2019-01-24T12:48:49","guid":{"rendered":"https:\/\/rivera.gub.uy\/social\/?p=4897"},"modified":"2019-01-24T12:48:49","modified_gmt":"2019-01-24T12:48:49","slug":"carnaval-2019-8","status":"publish","type":"post","link":"https:\/\/www.rivera.gub.uy\/social\/carnaval-2019-8\/","title":{"rendered":"Carnaval 2019"},"content":{"rendered":"<h4>El d\u00eda de ayer el Director de Turismo Carlos Martorell se reuni\u00f3 con la Comisi\u00f3n de Carnaval y las tres Escolas de Samba:\u00a0Escola de Samba Uni\u00f3n del Omb\u00fa, Grupo Recreativo Escola de Samba Siempre Cerro y Bloco Naci\u00f3n Guerrera de la Cuar\u00f3, que participar\u00e1n en el desfile del Carnaval de Rivera por Av. Sarand\u00ed, los d\u00edas viernes 08 y s\u00e1bado 09 de marzo.<\/h4>\n<p><img loading=\"lazy\" decoding=\"async\" class=\"alignnone size-medium wp-image-4899\" src=\"https:\/\/rivera.gub.uy\/social\/wp-content\/uploads\/2019\/01\/IMG-20190123-WA0014-300x169.jpg\" alt=\"\" width=\"300\" height=\"169\" srcset=\"https:\/\/www.rivera.gub.uy\/social\/wp-content\/uploads\/2019\/01\/IMG-20190123-WA0014-300x169.jpg 300w, https:\/\/www.rivera.gub.uy\/social\/wp-content\/uploads\/2019\/01\/IMG-20190123-WA0014-768x432.jpg 768w, https:\/\/www.rivera.gub.uy\/social\/wp-content\/uploads\/2019\/01\/IMG-20190123-WA0014-1024x576.jpg 1024w, https:\/\/www.rivera.gub.uy\/social\/wp-content\/uploads\/2019\/01\/IMG-20190123-WA0014-820x461.jpg 820w, https:\/\/www.rivera.gub.uy\/social\/wp-content\/uploads\/2019\/01\/IMG-20190123-WA0014.jpg 1600w\" sizes=\"(max-width: 300px) 100vw, 300px\" \/> <img loading=\"lazy\" decoding=\"async\" class=\"alignnone size-medium wp-image-4900\" src=\"https:\/\/rivera.gub.uy\/social\/wp-content\/uploads\/2019\/01\/IMG-20190123-WA0015-300x169.jpg\" alt=\"\" width=\"300\" height=\"169\" srcset=\"https:\/\/www.rivera.gub.uy\/social\/wp-content\/uploads\/2019\/01\/IMG-20190123-WA0015-300x169.jpg 300w, https:\/\/www.rivera.gub.uy\/social\/wp-content\/uploads\/2019\/01\/IMG-20190123-WA0015-768x432.jpg 768w, https:\/\/www.rivera.gub.uy\/social\/wp-content\/uploads\/2019\/01\/IMG-20190123-WA0015-1024x576.jpg 1024w, https:\/\/www.rivera.gub.uy\/social\/wp-content\/uploads\/2019\/01\/IMG-20190123-WA0015-820x461.jpg 820w, https:\/\/www.rivera.gub.uy\/social\/wp-content\/uploads\/2019\/01\/IMG-20190123-WA0015.jpg 1600w\" sizes=\"(max-width: 300px) 100vw, 300px\" \/><\/p>\n<p><img loading=\"lazy\" decoding=\"async\" class=\"alignnone size-medium wp-image-4901\" src=\"https:\/\/rivera.gub.uy\/social\/wp-content\/uploads\/2019\/01\/IMG-20190123-WA0016-300x169.jpg\" alt=\"\" width=\"300\" height=\"169\" srcset=\"https:\/\/www.rivera.gub.uy\/social\/wp-content\/uploads\/2019\/01\/IMG-20190123-WA0016-300x169.jpg 300w, https:\/\/www.rivera.gub.uy\/social\/wp-content\/uploads\/2019\/01\/IMG-20190123-WA0016-768x432.jpg 768w, https:\/\/www.rivera.gub.uy\/social\/wp-content\/uploads\/2019\/01\/IMG-20190123-WA0016-1024x576.jpg 1024w, https:\/\/www.rivera.gub.uy\/social\/wp-content\/uploads\/2019\/01\/IMG-20190123-WA0016-820x461.jpg 820w, https:\/\/www.rivera.gub.uy\/social\/wp-content\/uploads\/2019\/01\/IMG-20190123-WA0016.jpg 1600w\" sizes=\"(max-width: 300px) 100vw, 300px\" \/> <img loading=\"lazy\" decoding=\"async\" class=\"alignnone size-medium wp-image-4902\" src=\"https:\/\/rivera.gub.uy\/social\/wp-content\/uploads\/2019\/01\/IMG-20190123-WA0018-300x169.jpg\" alt=\"\" width=\"300\" height=\"169\" srcset=\"https:\/\/www.rivera.gub.uy\/social\/wp-content\/uploads\/2019\/01\/IMG-20190123-WA0018-300x169.jpg 300w, https:\/\/www.rivera.gub.uy\/social\/wp-content\/uploads\/2019\/01\/IMG-20190123-WA0018-768x432.jpg 768w, https:\/\/www.rivera.gub.uy\/social\/wp-content\/uploads\/2019\/01\/IMG-20190123-WA0018-1024x576.jpg 1024w, https:\/\/www.rivera.gub.uy\/social\/wp-content\/uploads\/2019\/01\/IMG-20190123-WA0018-820x461.jpg 820w, https:\/\/www.rivera.gub.uy\/social\/wp-content\/uploads\/2019\/01\/IMG-20190123-WA0018.jpg 1600w\" sizes=\"(max-width: 300px) 100vw, 300px\" \/><\/p>\n","protected":false},"excerpt":{"rendered":"<p>El d\u00eda de ayer el Director de Turismo Carlos Martorell se reuni\u00f3 con la Comisi\u00f3n de Carnaval y las tres Escolas de Samba:\u00a0Escola de Samba Uni\u00f3n del Omb\u00fa, Grupo Recreativo Escola de Samba Siempre Cerro y Bloco Naci\u00f3n Guerrera de la Cuar\u00f3, que participar\u00e1n en el desfile del Carnaval de Rivera por Av. Sarand\u00ed, los [&hellip;]<\/p>\n","protected":false},"author":3,"featured_media":4898,"comment_status":"open","ping_status":"open","sticky":false,"template":"","format":"standard","meta":{"footnotes":""},"categories":[6,8,7,9],"tags":[264,207,275,226,276,17,209],"_links":{"self":[{"href":"https:\/\/www.rivera.gub.uy\/social\/wp-json\/wp\/v2\/posts\/4897"}],"collection":[{"href":"https:\/\/www.rivera.gub.uy\/social\/wp-json\/wp\/v2\/posts"}],"about":[{"href":"https:\/\/www.rivera.gub.uy\/social\/wp-json\/wp\/v2\/types\/post"}],"author":[{"embeddable":true,"href":"https:\/\/www.rivera.gub.uy\/social\/wp-json\/wp\/v2\/users\/3"}],"replies":[{"embeddable":true,"href":"https:\/\/www.rivera.gub.uy\/social\/wp-json\/wp\/v2\/comments?post=4897"}],"version-history":[{"count":2,"href":"https:\/\/www.rivera.gub.uy\/social\/wp-json\/wp\/v2\/posts\/4897\/revisions"}],"predecessor-version":[{"id":4904,"href":"https:\/\/www.rivera.gub.uy\/social\/wp-json\/wp\/v2\/posts\/4897\/revisions\/4904"}],"wp:featuredmedia":[{"embeddable":true,"href":"https:\/\/www.rivera.gub.uy\/social\/wp-json\/wp\/v2\/media\/4898"}],"wp:attachment":[{"href":"https:\/\/www.rivera.gub.uy\/social\/wp-json\/wp\/v2\/media?parent=4897"}],"wp:term":[{"taxonomy":"category","embeddable":true,"href":"https:\/\/www.rivera.gub.uy\/social\/wp-json\/wp\/v2\/categories?post=4897"},{"taxonomy":"post_tag","embeddable":true,"href":"https:\/\/www.rivera.gub.uy\/social\/wp-json\/wp\/v2\/tags?post=4897"}],"curies":[{"name":"wp","href":"https:\/\/api.w.org\/{rel}","templated":true}]}}