{"id":4905,"date":"2019-01-28T15:20:48","date_gmt":"2019-01-28T15:20:48","guid":{"rendered":"https:\/\/rivera.gub.uy\/social\/?p=4905"},"modified":"2019-01-28T15:20:48","modified_gmt":"2019-01-28T15:20:48","slug":"carnaval-2019-9","status":"publish","type":"post","link":"https:\/\/www.rivera.gub.uy\/social\/carnaval-2019-9\/","title":{"rendered":"Carnaval 2019"},"content":{"rendered":"<h3>El d\u00eda viernes el Director de Turismo Carlos Martorell se reuni\u00f3 con la Comisi\u00f3n de Carnaval y las tres Agrupaciones de Negros Lubolos: Tizones de Ansina,\u00a0Tambores del Norte y\u00a0Birincunyamba, que participar\u00e1n en el desfile del Carnaval de Rivera por Av. Sarand\u00ed, los d\u00edas viernes 08 y s\u00e1bado 09 de marzo.<\/h3>\n","protected":false},"excerpt":{"rendered":"<p>El d\u00eda viernes el Director de Turismo Carlos Martorell se reuni\u00f3 con la Comisi\u00f3n de Carnaval y las tres Agrupaciones de Negros Lubolos: Tizones de Ansina,\u00a0Tambores del Norte y\u00a0Birincunyamba, que participar\u00e1n en el desfile del Carnaval de Rivera por Av. Sarand\u00ed, los d\u00edas viernes 08 y s\u00e1bado 09 de marzo.<\/p>\n","protected":false},"author":3,"featured_media":4906,"comment_status":"open","ping_status":"open","sticky":false,"template":"","format":"standard","meta":{"footnotes":""},"categories":[6,8,7,9],"tags":[264,210,143,207,275,226,17,271],"_links":{"self":[{"href":"https:\/\/www.rivera.gub.uy\/social\/wp-json\/wp\/v2\/posts\/4905"}],"collection":[{"href":"https:\/\/www.rivera.gub.uy\/social\/wp-json\/wp\/v2\/posts"}],"about":[{"href":"https:\/\/www.rivera.gub.uy\/social\/wp-json\/wp\/v2\/types\/post"}],"author":[{"embeddable":true,"href":"https:\/\/www.rivera.gub.uy\/social\/wp-json\/wp\/v2\/users\/3"}],"replies":[{"embeddable":true,"href":"https:\/\/www.rivera.gub.uy\/social\/wp-json\/wp\/v2\/comments?post=4905"}],"version-history":[{"count":1,"href":"https:\/\/www.rivera.gub.uy\/social\/wp-json\/wp\/v2\/posts\/4905\/revisions"}],"predecessor-version":[{"id":4907,"href":"https:\/\/www.rivera.gub.uy\/social\/wp-json\/wp\/v2\/posts\/4905\/revisions\/4907"}],"wp:featuredmedia":[{"embeddable":true,"href":"https:\/\/www.rivera.gub.uy\/social\/wp-json\/wp\/v2\/media\/4906"}],"wp:attachment":[{"href":"https:\/\/www.rivera.gub.uy\/social\/wp-json\/wp\/v2\/media?parent=4905"}],"wp:term":[{"taxonomy":"category","embeddable":true,"href":"https:\/\/www.rivera.gub.uy\/social\/wp-json\/wp\/v2\/categories?post=4905"},{"taxonomy":"post_tag","embeddable":true,"href":"https:\/\/www.rivera.gub.uy\/social\/wp-json\/wp\/v2\/tags?post=4905"}],"curies":[{"name":"wp","href":"https:\/\/api.w.org\/{rel}","templated":true}]}}