{"id":4913,"date":"2019-01-29T16:55:47","date_gmt":"2019-01-29T16:55:47","guid":{"rendered":"https:\/\/rivera.gub.uy\/social\/?p=4913"},"modified":"2019-02-18T13:50:51","modified_gmt":"2019-02-18T13:50:51","slug":"4913-2","status":"publish","type":"post","link":"https:\/\/www.rivera.gub.uy\/social\/4913-2\/","title":{"rendered":""},"content":{"rendered":"<h3>El d\u00eda de ayer Director de Turismo Carlos Martorell, se reuni\u00f3 con la Comisi\u00f3n de Carnaval y los grupos musicales que actuar\u00e1n en los diferentes Tablados del Carnaval de Rivera.<\/h3>\n<p><img loading=\"lazy\" decoding=\"async\" class=\"alignnone size-medium wp-image-4915\" src=\"https:\/\/rivera.gub.uy\/social\/wp-content\/uploads\/2019\/01\/IMG-20190129-WA0002-1-300x169.jpg\" alt=\"\" width=\"300\" height=\"169\" srcset=\"https:\/\/www.rivera.gub.uy\/social\/wp-content\/uploads\/2019\/01\/IMG-20190129-WA0002-1-300x169.jpg 300w, https:\/\/www.rivera.gub.uy\/social\/wp-content\/uploads\/2019\/01\/IMG-20190129-WA0002-1-768x432.jpg 768w, https:\/\/www.rivera.gub.uy\/social\/wp-content\/uploads\/2019\/01\/IMG-20190129-WA0002-1-1024x576.jpg 1024w, https:\/\/www.rivera.gub.uy\/social\/wp-content\/uploads\/2019\/01\/IMG-20190129-WA0002-1-820x461.jpg 820w, https:\/\/www.rivera.gub.uy\/social\/wp-content\/uploads\/2019\/01\/IMG-20190129-WA0002-1.jpg 1600w\" sizes=\"(max-width: 300px) 100vw, 300px\" \/> <img loading=\"lazy\" decoding=\"async\" class=\"alignnone size-medium wp-image-4916\" src=\"https:\/\/rivera.gub.uy\/social\/wp-content\/uploads\/2019\/01\/IMG-20190129-WA0003-1-300x169.jpg\" alt=\"\" width=\"300\" height=\"169\" srcset=\"https:\/\/www.rivera.gub.uy\/social\/wp-content\/uploads\/2019\/01\/IMG-20190129-WA0003-1-300x169.jpg 300w, https:\/\/www.rivera.gub.uy\/social\/wp-content\/uploads\/2019\/01\/IMG-20190129-WA0003-1-768x432.jpg 768w, https:\/\/www.rivera.gub.uy\/social\/wp-content\/uploads\/2019\/01\/IMG-20190129-WA0003-1-1024x576.jpg 1024w, https:\/\/www.rivera.gub.uy\/social\/wp-content\/uploads\/2019\/01\/IMG-20190129-WA0003-1-820x461.jpg 820w, https:\/\/www.rivera.gub.uy\/social\/wp-content\/uploads\/2019\/01\/IMG-20190129-WA0003-1.jpg 1600w\" sizes=\"(max-width: 300px) 100vw, 300px\" \/><\/p>\n","protected":false},"excerpt":{"rendered":"<p>El d\u00eda de ayer Director de Turismo Carlos Martorell, se reuni\u00f3 con la Comisi\u00f3n de Carnaval y los grupos musicales que actuar\u00e1n en los diferentes Tablados del Carnaval de Rivera.<\/p>\n","protected":false},"author":3,"featured_media":4914,"comment_status":"open","ping_status":"open","sticky":false,"template":"","format":"standard","meta":{"footnotes":""},"categories":[6,8,9],"tags":[264,207,226,277,206,17],"_links":{"self":[{"href":"https:\/\/www.rivera.gub.uy\/social\/wp-json\/wp\/v2\/posts\/4913"}],"collection":[{"href":"https:\/\/www.rivera.gub.uy\/social\/wp-json\/wp\/v2\/posts"}],"about":[{"href":"https:\/\/www.rivera.gub.uy\/social\/wp-json\/wp\/v2\/types\/post"}],"author":[{"embeddable":true,"href":"https:\/\/www.rivera.gub.uy\/social\/wp-json\/wp\/v2\/users\/3"}],"replies":[{"embeddable":true,"href":"https:\/\/www.rivera.gub.uy\/social\/wp-json\/wp\/v2\/comments?post=4913"}],"version-history":[{"count":1,"href":"https:\/\/www.rivera.gub.uy\/social\/wp-json\/wp\/v2\/posts\/4913\/revisions"}],"predecessor-version":[{"id":4917,"href":"https:\/\/www.rivera.gub.uy\/social\/wp-json\/wp\/v2\/posts\/4913\/revisions\/4917"}],"wp:featuredmedia":[{"embeddable":true,"href":"https:\/\/www.rivera.gub.uy\/social\/wp-json\/wp\/v2\/media\/4914"}],"wp:attachment":[{"href":"https:\/\/www.rivera.gub.uy\/social\/wp-json\/wp\/v2\/media?parent=4913"}],"wp:term":[{"taxonomy":"category","embeddable":true,"href":"https:\/\/www.rivera.gub.uy\/social\/wp-json\/wp\/v2\/categories?post=4913"},{"taxonomy":"post_tag","embeddable":true,"href":"https:\/\/www.rivera.gub.uy\/social\/wp-json\/wp\/v2\/tags?post=4913"}],"curies":[{"name":"wp","href":"https:\/\/api.w.org\/{rel}","templated":true}]}}