{"id":4922,"date":"2019-02-05T22:57:05","date_gmt":"2019-02-05T22:57:05","guid":{"rendered":"https:\/\/rivera.gub.uy\/social\/?p=4922"},"modified":"2019-02-05T22:57:05","modified_gmt":"2019-02-05T22:57:05","slug":"eleccion-de-la-reina-y-rey-del-carnaval-2019","status":"publish","type":"post","link":"https:\/\/www.rivera.gub.uy\/social\/eleccion-de-la-reina-y-rey-del-carnaval-2019\/","title":{"rendered":"Elecci\u00f3n de la Reina y Rey del Carnaval 2019"},"content":{"rendered":"<h4>El d\u00eda s\u00e1bado 02 de febrero en la Sala de la Cultura en Pte. Viera, se realiz\u00f3 el Casting de la Elecci\u00f3n de la Reina y Rey Momo del Carnaval 2019. Se presentaron 5 de las 11 postulantes a Reina y 2 a Rey Momo. All\u00ed\u00a0cada participante cont\u00f3 porque le gustar\u00eda ser Reina o Rey ante el jurado y la Comisi\u00f3n de Carnaval.<\/h4>\n<h4><img loading=\"lazy\" decoding=\"async\" class=\"alignnone size-medium wp-image-4923\" src=\"https:\/\/rivera.gub.uy\/social\/wp-content\/uploads\/2019\/02\/20190202_190636-169x300.jpg\" alt=\"\" width=\"169\" height=\"300\" srcset=\"https:\/\/www.rivera.gub.uy\/social\/wp-content\/uploads\/2019\/02\/20190202_190636-169x300.jpg 169w, https:\/\/www.rivera.gub.uy\/social\/wp-content\/uploads\/2019\/02\/20190202_190636-768x1365.jpg 768w, https:\/\/www.rivera.gub.uy\/social\/wp-content\/uploads\/2019\/02\/20190202_190636-576x1024.jpg 576w, https:\/\/www.rivera.gub.uy\/social\/wp-content\/uploads\/2019\/02\/20190202_190636-820x1458.jpg 820w\" sizes=\"(max-width: 169px) 100vw, 169px\" \/> <img loading=\"lazy\" decoding=\"async\" class=\"alignnone size-medium wp-image-4924\" src=\"https:\/\/rivera.gub.uy\/social\/wp-content\/uploads\/2019\/02\/20190202_190832-169x300.jpg\" alt=\"\" width=\"169\" height=\"300\" srcset=\"https:\/\/www.rivera.gub.uy\/social\/wp-content\/uploads\/2019\/02\/20190202_190832-169x300.jpg 169w, https:\/\/www.rivera.gub.uy\/social\/wp-content\/uploads\/2019\/02\/20190202_190832-768x1365.jpg 768w, https:\/\/www.rivera.gub.uy\/social\/wp-content\/uploads\/2019\/02\/20190202_190832-576x1024.jpg 576w, https:\/\/www.rivera.gub.uy\/social\/wp-content\/uploads\/2019\/02\/20190202_190832-820x1458.jpg 820w\" sizes=\"(max-width: 169px) 100vw, 169px\" \/> <img loading=\"lazy\" decoding=\"async\" class=\"alignnone size-medium wp-image-4925\" src=\"https:\/\/rivera.gub.uy\/social\/wp-content\/uploads\/2019\/02\/20190202_191023-169x300.jpg\" alt=\"\" width=\"169\" height=\"300\" srcset=\"https:\/\/www.rivera.gub.uy\/social\/wp-content\/uploads\/2019\/02\/20190202_191023-169x300.jpg 169w, https:\/\/www.rivera.gub.uy\/social\/wp-content\/uploads\/2019\/02\/20190202_191023-768x1365.jpg 768w, https:\/\/www.rivera.gub.uy\/social\/wp-content\/uploads\/2019\/02\/20190202_191023-576x1024.jpg 576w, https:\/\/www.rivera.gub.uy\/social\/wp-content\/uploads\/2019\/02\/20190202_191023-820x1458.jpg 820w\" sizes=\"(max-width: 169px) 100vw, 169px\" \/> <img loading=\"lazy\" decoding=\"async\" class=\"alignnone size-medium wp-image-4926\" src=\"https:\/\/rivera.gub.uy\/social\/wp-content\/uploads\/2019\/02\/20190202_191159-169x300.jpg\" alt=\"\" width=\"169\" height=\"300\" srcset=\"https:\/\/www.rivera.gub.uy\/social\/wp-content\/uploads\/2019\/02\/20190202_191159-169x300.jpg 169w, https:\/\/www.rivera.gub.uy\/social\/wp-content\/uploads\/2019\/02\/20190202_191159-768x1365.jpg 768w, https:\/\/www.rivera.gub.uy\/social\/wp-content\/uploads\/2019\/02\/20190202_191159-576x1024.jpg 576w, https:\/\/www.rivera.gub.uy\/social\/wp-content\/uploads\/2019\/02\/20190202_191159-820x1458.jpg 820w\" sizes=\"(max-width: 169px) 100vw, 169px\" \/><\/h4>\n<h4><img loading=\"lazy\" decoding=\"async\" class=\"alignnone size-medium wp-image-4929\" src=\"https:\/\/rivera.gub.uy\/social\/wp-content\/uploads\/2019\/02\/20190202_191640-169x300.jpg\" alt=\"\" width=\"169\" height=\"300\" srcset=\"https:\/\/www.rivera.gub.uy\/social\/wp-content\/uploads\/2019\/02\/20190202_191640-169x300.jpg 169w, https:\/\/www.rivera.gub.uy\/social\/wp-content\/uploads\/2019\/02\/20190202_191640-768x1365.jpg 768w, https:\/\/www.rivera.gub.uy\/social\/wp-content\/uploads\/2019\/02\/20190202_191640-576x1024.jpg 576w, https:\/\/www.rivera.gub.uy\/social\/wp-content\/uploads\/2019\/02\/20190202_191640-820x1458.jpg 820w\" sizes=\"(max-width: 169px) 100vw, 169px\" \/>\u00a0<img loading=\"lazy\" decoding=\"async\" class=\"alignnone size-medium wp-image-4928\" src=\"https:\/\/rivera.gub.uy\/social\/wp-content\/uploads\/2019\/02\/20190202_191511-1-169x300.jpg\" alt=\"\" width=\"169\" height=\"300\" srcset=\"https:\/\/www.rivera.gub.uy\/social\/wp-content\/uploads\/2019\/02\/20190202_191511-1-169x300.jpg 169w, https:\/\/www.rivera.gub.uy\/social\/wp-content\/uploads\/2019\/02\/20190202_191511-1-768x1365.jpg 768w, https:\/\/www.rivera.gub.uy\/social\/wp-content\/uploads\/2019\/02\/20190202_191511-1-576x1024.jpg 576w, https:\/\/www.rivera.gub.uy\/social\/wp-content\/uploads\/2019\/02\/20190202_191511-1-820x1458.jpg 820w\" sizes=\"(max-width: 169px) 100vw, 169px\" \/>\u00a0<img loading=\"lazy\" decoding=\"async\" class=\"alignnone size-medium wp-image-4927\" src=\"https:\/\/rivera.gub.uy\/social\/wp-content\/uploads\/2019\/02\/20190202_191410-169x300.jpg\" alt=\"\" width=\"169\" height=\"300\" srcset=\"https:\/\/www.rivera.gub.uy\/social\/wp-content\/uploads\/2019\/02\/20190202_191410-169x300.jpg 169w, https:\/\/www.rivera.gub.uy\/social\/wp-content\/uploads\/2019\/02\/20190202_191410-768x1365.jpg 768w, https:\/\/www.rivera.gub.uy\/social\/wp-content\/uploads\/2019\/02\/20190202_191410-576x1024.jpg 576w, https:\/\/www.rivera.gub.uy\/social\/wp-content\/uploads\/2019\/02\/20190202_191410-820x1458.jpg 820w\" sizes=\"(max-width: 169px) 100vw, 169px\" \/><!--more--><\/h4>\n<h4>La Elecci\u00f3n de la Reina y Rey Momo del Carnaval 2019 se realizar\u00e1 el d\u00eda domingo 17 de febrero a las 20:00 horas en el Teatro Municipal de Rivera.<\/h4>\n","protected":false},"excerpt":{"rendered":"<p>El d\u00eda s\u00e1bado 02 de febrero en la Sala de la Cultura en Pte. Viera, se realiz\u00f3 el Casting de la Elecci\u00f3n de la Reina y Rey Momo del Carnaval 2019. Se presentaron 5 de las 11 postulantes a Reina y 2 a Rey Momo. All\u00ed\u00a0cada participante cont\u00f3 porque le gustar\u00eda ser Reina o Rey [&hellip;]<\/p>\n","protected":false},"author":3,"featured_media":4937,"comment_status":"open","ping_status":"open","sticky":false,"template":"","format":"standard","meta":{"footnotes":""},"categories":[6,8,7,9],"tags":[210,207,177,226,278,279,17,209],"_links":{"self":[{"href":"https:\/\/www.rivera.gub.uy\/social\/wp-json\/wp\/v2\/posts\/4922"}],"collection":[{"href":"https:\/\/www.rivera.gub.uy\/social\/wp-json\/wp\/v2\/posts"}],"about":[{"href":"https:\/\/www.rivera.gub.uy\/social\/wp-json\/wp\/v2\/types\/post"}],"author":[{"embeddable":true,"href":"https:\/\/www.rivera.gub.uy\/social\/wp-json\/wp\/v2\/users\/3"}],"replies":[{"embeddable":true,"href":"https:\/\/www.rivera.gub.uy\/social\/wp-json\/wp\/v2\/comments?post=4922"}],"version-history":[{"count":2,"href":"https:\/\/www.rivera.gub.uy\/social\/wp-json\/wp\/v2\/posts\/4922\/revisions"}],"predecessor-version":[{"id":4938,"href":"https:\/\/www.rivera.gub.uy\/social\/wp-json\/wp\/v2\/posts\/4922\/revisions\/4938"}],"wp:featuredmedia":[{"embeddable":true,"href":"https:\/\/www.rivera.gub.uy\/social\/wp-json\/wp\/v2\/media\/4937"}],"wp:attachment":[{"href":"https:\/\/www.rivera.gub.uy\/social\/wp-json\/wp\/v2\/media?parent=4922"}],"wp:term":[{"taxonomy":"category","embeddable":true,"href":"https:\/\/www.rivera.gub.uy\/social\/wp-json\/wp\/v2\/categories?post=4922"},{"taxonomy":"post_tag","embeddable":true,"href":"https:\/\/www.rivera.gub.uy\/social\/wp-json\/wp\/v2\/tags?post=4922"}],"curies":[{"name":"wp","href":"https:\/\/api.w.org\/{rel}","templated":true}]}}