{"id":4944,"date":"2019-02-13T12:28:47","date_gmt":"2019-02-13T12:28:47","guid":{"rendered":"https:\/\/rivera.gub.uy\/social\/?p=4944"},"modified":"2019-02-13T12:28:47","modified_gmt":"2019-02-13T12:28:47","slug":"iniciamos-el-ciclo-de-capacitaciones-2019","status":"publish","type":"post","link":"https:\/\/www.rivera.gub.uy\/social\/iniciamos-el-ciclo-de-capacitaciones-2019\/","title":{"rendered":"Iniciamos el Ciclo de Capacitaciones 2019."},"content":{"rendered":"<div class=\"\" data-block=\"true\" data-editor=\"do3vd\" data-offset-key=\"eqvf7-0-0\">\n<div class=\"_1mf _1mj\" data-offset-key=\"eqvf7-0-0\">Llega un nuevo curso Internacional dictado por el consagrado Prof. Antonio Casimiro (Espa\u00f1a).<\/div>\n<\/div>\n<div class=\"\" data-block=\"true\" data-editor=\"do3vd\" data-offset-key=\"971kg-0-0\">\n<div class=\"_1mf _1mj\" data-offset-key=\"971kg-0-0\"><span data-offset-key=\"971kg-0-0\">\u00abPromoci\u00f3n de la Actividad F\u00edsica para Salud, a lo Largo del Ciclo Vital: Programa de Intervenci\u00f3n\u00bb<\/span><\/div>\n<\/div>\n<div class=\"\" data-block=\"true\" data-editor=\"do3vd\" data-offset-key=\"6fg27-0-0\">\n<div class=\"_1mf _1mj\" data-offset-key=\"6fg27-0-0\"><span data-offset-key=\"6fg27-0-0\">15 y 16 de marzo en las Instalaciones de ACIR.<\/span><\/div>\n<\/div>\n<div class=\"\" data-block=\"true\" data-editor=\"do3vd\" data-offset-key=\"55c1c-0-0\">\n<div class=\"_1mf _1mj\" data-offset-key=\"55c1c-0-0\"><span data-offset-key=\"55c1c-0-0\">\u00a0<\/span><\/div>\n<\/div>\n<div class=\"\" data-block=\"true\" data-editor=\"do3vd\" data-offset-key=\"9lv05-0-0\">\n<div class=\"_1mf _1mj\" data-offset-key=\"9lv05-0-0\"><span data-offset-key=\"9lv05-0-0\">Inscripciones en Redpagos mencionando:<\/span><\/div>\n<\/div>\n<div class=\"\" data-block=\"true\" data-editor=\"do3vd\" data-offset-key=\"gqq0-0-0\">\n<div class=\"_1mf _1mj\" data-offset-key=\"gqq0-0-0\"><span data-offset-key=\"gqq0-0-0\">Tucolecta.com + nombre del curso o Tucolecta.com + colecta N\u00ba 341452 (Costo $ 500).<\/span><\/div>\n<\/div>\n<div class=\"\" data-block=\"true\" data-editor=\"do3vd\" data-offset-key=\"3h5af-0-0\">\n<div class=\"_1mf _1mj\" data-offset-key=\"3h5af-0-0\"><span data-offset-key=\"3h5af-0-0\">Se entrega certificado de asistencia.<\/span><\/div>\n<\/div>\n<div class=\"\" data-block=\"true\" data-editor=\"do3vd\" data-offset-key=\"f5jot-0-0\">\n<div class=\"_1mf _1mj\" data-offset-key=\"f5jot-0-0\"><span data-offset-key=\"f5jot-0-0\">Por informes, Divisi\u00f3n Deportes (tribuna norte del Estadio Atilio P. Olivera de lunes a viernes de 8:15 a 15:00 horas.<\/span><\/div>\n<\/div>\n<div class=\"\" data-block=\"true\" data-editor=\"do3vd\" data-offset-key=\"9rvld-0-0\">\n<div class=\"_1mf _1mj\" data-offset-key=\"9rvld-0-0\"><span data-offset-key=\"9rvld-0-0\">\u00a0<\/span><\/div>\n<\/div>\n<div class=\"\" data-block=\"true\" data-editor=\"do3vd\" data-offset-key=\"84tms-0-0\">\n<div class=\"_1mf _1mj\" data-offset-key=\"84tms-0-0\"><span data-offset-key=\"84tms-0-0\">Organiza y Promociona: Divisi\u00f3n Deportes (IDR)<\/span><\/div>\n<\/div>\n<div class=\"\" data-block=\"true\" data-editor=\"do3vd\" data-offset-key=\"4colh-0-0\">\n<div class=\"_1mf _1mj\" data-offset-key=\"4colh-0-0\"><span data-offset-key=\"4colh-0-0\">Apoyan: COMERi &#8211; Rivera Casino &amp; Resort &#8211; ACIR<\/span><\/div>\n<\/div>\n","protected":false},"excerpt":{"rendered":"<p>Llega un nuevo curso Internacional dictado por el consagrado Prof. Antonio Casimiro (Espa\u00f1a). \u00abPromoci\u00f3n de la Actividad F\u00edsica para Salud, a lo Largo del Ciclo Vital: Programa de Intervenci\u00f3n\u00bb 15 y 16 de marzo en las Instalaciones de ACIR. \u00a0 Inscripciones en Redpagos mencionando: Tucolecta.com + nombre del curso o Tucolecta.com + colecta N\u00ba 341452 [&hellip;]<\/p>\n","protected":false},"author":4,"featured_media":4945,"comment_status":"open","ping_status":"open","sticky":false,"template":"","format":"standard","meta":{"footnotes":""},"categories":[6,8,5,1,7],"tags":[],"_links":{"self":[{"href":"https:\/\/www.rivera.gub.uy\/social\/wp-json\/wp\/v2\/posts\/4944"}],"collection":[{"href":"https:\/\/www.rivera.gub.uy\/social\/wp-json\/wp\/v2\/posts"}],"about":[{"href":"https:\/\/www.rivera.gub.uy\/social\/wp-json\/wp\/v2\/types\/post"}],"author":[{"embeddable":true,"href":"https:\/\/www.rivera.gub.uy\/social\/wp-json\/wp\/v2\/users\/4"}],"replies":[{"embeddable":true,"href":"https:\/\/www.rivera.gub.uy\/social\/wp-json\/wp\/v2\/comments?post=4944"}],"version-history":[{"count":1,"href":"https:\/\/www.rivera.gub.uy\/social\/wp-json\/wp\/v2\/posts\/4944\/revisions"}],"predecessor-version":[{"id":4946,"href":"https:\/\/www.rivera.gub.uy\/social\/wp-json\/wp\/v2\/posts\/4944\/revisions\/4946"}],"wp:featuredmedia":[{"embeddable":true,"href":"https:\/\/www.rivera.gub.uy\/social\/wp-json\/wp\/v2\/media\/4945"}],"wp:attachment":[{"href":"https:\/\/www.rivera.gub.uy\/social\/wp-json\/wp\/v2\/media?parent=4944"}],"wp:term":[{"taxonomy":"category","embeddable":true,"href":"https:\/\/www.rivera.gub.uy\/social\/wp-json\/wp\/v2\/categories?post=4944"},{"taxonomy":"post_tag","embeddable":true,"href":"https:\/\/www.rivera.gub.uy\/social\/wp-json\/wp\/v2\/tags?post=4944"}],"curies":[{"name":"wp","href":"https:\/\/api.w.org\/{rel}","templated":true}]}}