{"id":4958,"date":"2019-02-18T17:24:33","date_gmt":"2019-02-18T17:24:33","guid":{"rendered":"https:\/\/rivera.gub.uy\/social\/?p=4958"},"modified":"2019-02-18T17:24:33","modified_gmt":"2019-02-18T17:24:33","slug":"eleccion-de-la-reina-y-rey-momo-del-carnaval-2019","status":"publish","type":"post","link":"https:\/\/www.rivera.gub.uy\/social\/eleccion-de-la-reina-y-rey-momo-del-carnaval-2019\/","title":{"rendered":"Elecci\u00f3n de la Reina y Rey Momo del Carnaval 2019"},"content":{"rendered":"<h3>El domingo en el Teatro Municipal se realiz\u00f3 la Elecci\u00f3n de la Reina y Rey Momo del Carnaval de Rivera, donde por votaci\u00f3n del jurado, redes sociales y del p\u00fablico all\u00ed presente, se coron\u00f3 a Priscila Silva Reina del Carnaval 2019 y Jos\u00e9 Viana Rey Momo del Carnaval 2019.<\/h3>\n<h3><img loading=\"lazy\" decoding=\"async\" class=\"alignnone  wp-image-4965\" src=\"https:\/\/rivera.gub.uy\/social\/wp-content\/uploads\/2019\/02\/FB_IMG_1550506087341-300x200.jpg\" alt=\"\" width=\"326\" height=\"217\" srcset=\"https:\/\/www.rivera.gub.uy\/social\/wp-content\/uploads\/2019\/02\/FB_IMG_1550506087341-300x200.jpg 300w, https:\/\/www.rivera.gub.uy\/social\/wp-content\/uploads\/2019\/02\/FB_IMG_1550506087341-600x400.jpg 600w, https:\/\/www.rivera.gub.uy\/social\/wp-content\/uploads\/2019\/02\/FB_IMG_1550506087341-272x182.jpg 272w, https:\/\/www.rivera.gub.uy\/social\/wp-content\/uploads\/2019\/02\/FB_IMG_1550506087341.jpg 720w\" sizes=\"(max-width: 326px) 100vw, 326px\" \/> <img loading=\"lazy\" decoding=\"async\" class=\"alignnone  wp-image-4966\" src=\"https:\/\/rivera.gub.uy\/social\/wp-content\/uploads\/2019\/02\/FB_IMG_1550506092169-300x278.jpg\" alt=\"\" width=\"233\" height=\"216\" srcset=\"https:\/\/www.rivera.gub.uy\/social\/wp-content\/uploads\/2019\/02\/FB_IMG_1550506092169-300x278.jpg 300w, https:\/\/www.rivera.gub.uy\/social\/wp-content\/uploads\/2019\/02\/FB_IMG_1550506092169.jpg 720w\" sizes=\"(max-width: 233px) 100vw, 233px\" \/><\/h3>\n<h3>\u00a0<img loading=\"lazy\" decoding=\"async\" class=\"alignnone  wp-image-4968\" style=\"font-size: 16px\" src=\"https:\/\/rivera.gub.uy\/social\/wp-content\/uploads\/2019\/02\/FB_IMG_1550506129984-300x231.jpg\" alt=\"\" width=\"300\" height=\"232\" srcset=\"https:\/\/www.rivera.gub.uy\/social\/wp-content\/uploads\/2019\/02\/FB_IMG_1550506129984-300x231.jpg 300w, https:\/\/www.rivera.gub.uy\/social\/wp-content\/uploads\/2019\/02\/FB_IMG_1550506129984.jpg 720w\" sizes=\"(max-width: 300px) 100vw, 300px\" \/>\u00a0<img loading=\"lazy\" decoding=\"async\" class=\"alignnone size-medium wp-image-4962\" style=\"font-size: 16px\" src=\"https:\/\/rivera.gub.uy\/social\/wp-content\/uploads\/2019\/02\/FB_IMG_1550506044541-300x231.jpg\" alt=\"\" width=\"300\" height=\"231\" srcset=\"https:\/\/www.rivera.gub.uy\/social\/wp-content\/uploads\/2019\/02\/FB_IMG_1550506044541-300x231.jpg 300w, https:\/\/www.rivera.gub.uy\/social\/wp-content\/uploads\/2019\/02\/FB_IMG_1550506044541.jpg 720w\" sizes=\"(max-width: 300px) 100vw, 300px\" \/><\/h3>\n<h3><span style=\"font-size: 16px\">\u00a0<\/span><span style=\"font-size: 16px\"><img loading=\"lazy\" decoding=\"async\" class=\"alignnone  wp-image-4969\" src=\"https:\/\/rivera.gub.uy\/social\/wp-content\/uploads\/2019\/02\/FB_IMG_1550506148321-300x198.jpg\" alt=\"\" width=\"294\" height=\"194\" srcset=\"https:\/\/www.rivera.gub.uy\/social\/wp-content\/uploads\/2019\/02\/FB_IMG_1550506148321-300x198.jpg 300w, https:\/\/www.rivera.gub.uy\/social\/wp-content\/uploads\/2019\/02\/FB_IMG_1550506148321.jpg 720w\" sizes=\"(max-width: 294px) 100vw, 294px\" \/>\u00a0<img loading=\"lazy\" decoding=\"async\" class=\"alignnone  wp-image-4984\" src=\"https:\/\/rivera.gub.uy\/social\/wp-content\/uploads\/2019\/02\/FB_IMG_1550506074763-300x208.jpg\" alt=\"\" width=\"281\" height=\"194\" srcset=\"https:\/\/www.rivera.gub.uy\/social\/wp-content\/uploads\/2019\/02\/FB_IMG_1550506074763-300x208.jpg 300w, https:\/\/www.rivera.gub.uy\/social\/wp-content\/uploads\/2019\/02\/FB_IMG_1550506074763.jpg 720w\" sizes=\"(max-width: 281px) 100vw, 281px\" \/><\/span><\/h3>\n<p><img loading=\"lazy\" decoding=\"async\" class=\"alignnone  wp-image-4967\" src=\"https:\/\/rivera.gub.uy\/social\/wp-content\/uploads\/2019\/02\/FB_IMG_1550506117768-264x300.jpg\" alt=\"\" width=\"243\" height=\"276\" srcset=\"https:\/\/www.rivera.gub.uy\/social\/wp-content\/uploads\/2019\/02\/FB_IMG_1550506117768-264x300.jpg 264w, https:\/\/www.rivera.gub.uy\/social\/wp-content\/uploads\/2019\/02\/FB_IMG_1550506117768.jpg 720w\" sizes=\"(max-width: 243px) 100vw, 243px\" \/>\u00a0<img loading=\"lazy\" decoding=\"async\" class=\"alignnone  wp-image-4964\" src=\"https:\/\/rivera.gub.uy\/social\/wp-content\/uploads\/2019\/02\/FB_IMG_1550506069088-273x300.jpg\" alt=\"\" width=\"252\" height=\"277\" srcset=\"https:\/\/www.rivera.gub.uy\/social\/wp-content\/uploads\/2019\/02\/FB_IMG_1550506069088-273x300.jpg 273w, https:\/\/www.rivera.gub.uy\/social\/wp-content\/uploads\/2019\/02\/FB_IMG_1550506069088.jpg 720w\" sizes=\"(max-width: 252px) 100vw, 252px\" \/><\/p>\n<p><img loading=\"lazy\" decoding=\"async\" class=\"alignnone size-medium wp-image-4970\" src=\"https:\/\/rivera.gub.uy\/social\/wp-content\/uploads\/2019\/02\/FB_IMG_1550506164450-300x197.jpg\" alt=\"\" width=\"300\" height=\"197\" srcset=\"https:\/\/www.rivera.gub.uy\/social\/wp-content\/uploads\/2019\/02\/FB_IMG_1550506164450-300x197.jpg 300w, https:\/\/www.rivera.gub.uy\/social\/wp-content\/uploads\/2019\/02\/FB_IMG_1550506164450.jpg 720w\" sizes=\"(max-width: 300px) 100vw, 300px\" \/>\u00a0<img loading=\"lazy\" decoding=\"async\" class=\"alignnone  wp-image-4960\" src=\"https:\/\/rivera.gub.uy\/social\/wp-content\/uploads\/2019\/02\/FB_IMG_1550506025579-300x200.jpg\" alt=\"\" width=\"296\" height=\"197\" srcset=\"https:\/\/www.rivera.gub.uy\/social\/wp-content\/uploads\/2019\/02\/FB_IMG_1550506025579-300x200.jpg 300w, https:\/\/www.rivera.gub.uy\/social\/wp-content\/uploads\/2019\/02\/FB_IMG_1550506025579-600x400.jpg 600w, https:\/\/www.rivera.gub.uy\/social\/wp-content\/uploads\/2019\/02\/FB_IMG_1550506025579-272x182.jpg 272w, https:\/\/www.rivera.gub.uy\/social\/wp-content\/uploads\/2019\/02\/FB_IMG_1550506025579.jpg 720w\" sizes=\"(max-width: 296px) 100vw, 296px\" \/><\/p>\n<p><img loading=\"lazy\" decoding=\"async\" class=\"alignnone size-medium wp-image-4973\" src=\"https:\/\/rivera.gub.uy\/social\/wp-content\/uploads\/2019\/02\/FB_IMG_1550506233018-300x200.jpg\" alt=\"\" width=\"300\" height=\"200\" srcset=\"https:\/\/www.rivera.gub.uy\/social\/wp-content\/uploads\/2019\/02\/FB_IMG_1550506233018-300x200.jpg 300w, https:\/\/www.rivera.gub.uy\/social\/wp-content\/uploads\/2019\/02\/FB_IMG_1550506233018-600x400.jpg 600w, https:\/\/www.rivera.gub.uy\/social\/wp-content\/uploads\/2019\/02\/FB_IMG_1550506233018-272x182.jpg 272w, https:\/\/www.rivera.gub.uy\/social\/wp-content\/uploads\/2019\/02\/FB_IMG_1550506233018.jpg 720w\" sizes=\"(max-width: 300px) 100vw, 300px\" \/> <img loading=\"lazy\" decoding=\"async\" class=\"alignnone size-medium wp-image-4975\" src=\"https:\/\/rivera.gub.uy\/social\/wp-content\/uploads\/2019\/02\/FB_IMG_1550506243684-300x200.jpg\" alt=\"\" width=\"300\" height=\"200\" srcset=\"https:\/\/www.rivera.gub.uy\/social\/wp-content\/uploads\/2019\/02\/FB_IMG_1550506243684-300x200.jpg 300w, https:\/\/www.rivera.gub.uy\/social\/wp-content\/uploads\/2019\/02\/FB_IMG_1550506243684-600x400.jpg 600w, https:\/\/www.rivera.gub.uy\/social\/wp-content\/uploads\/2019\/02\/FB_IMG_1550506243684-272x182.jpg 272w, https:\/\/www.rivera.gub.uy\/social\/wp-content\/uploads\/2019\/02\/FB_IMG_1550506243684.jpg 720w\" sizes=\"(max-width: 300px) 100vw, 300px\" \/><\/p>\n<p><img loading=\"lazy\" decoding=\"async\" class=\"alignnone size-medium wp-image-4976\" src=\"https:\/\/rivera.gub.uy\/social\/wp-content\/uploads\/2019\/02\/FB_IMG_1550506251058-300x200.jpg\" alt=\"\" width=\"300\" height=\"200\" srcset=\"https:\/\/www.rivera.gub.uy\/social\/wp-content\/uploads\/2019\/02\/FB_IMG_1550506251058-300x200.jpg 300w, https:\/\/www.rivera.gub.uy\/social\/wp-content\/uploads\/2019\/02\/FB_IMG_1550506251058-600x400.jpg 600w, https:\/\/www.rivera.gub.uy\/social\/wp-content\/uploads\/2019\/02\/FB_IMG_1550506251058-272x182.jpg 272w, https:\/\/www.rivera.gub.uy\/social\/wp-content\/uploads\/2019\/02\/FB_IMG_1550506251058.jpg 720w\" sizes=\"(max-width: 300px) 100vw, 300px\" \/> <img loading=\"lazy\" decoding=\"async\" class=\"alignnone size-medium wp-image-4977\" src=\"https:\/\/rivera.gub.uy\/social\/wp-content\/uploads\/2019\/02\/FB_IMG_1550506260336-300x200.jpg\" alt=\"\" width=\"300\" height=\"200\" srcset=\"https:\/\/www.rivera.gub.uy\/social\/wp-content\/uploads\/2019\/02\/FB_IMG_1550506260336-300x200.jpg 300w, https:\/\/www.rivera.gub.uy\/social\/wp-content\/uploads\/2019\/02\/FB_IMG_1550506260336-600x400.jpg 600w, https:\/\/www.rivera.gub.uy\/social\/wp-content\/uploads\/2019\/02\/FB_IMG_1550506260336-272x182.jpg 272w, https:\/\/www.rivera.gub.uy\/social\/wp-content\/uploads\/2019\/02\/FB_IMG_1550506260336.jpg 720w\" sizes=\"(max-width: 300px) 100vw, 300px\" \/><\/p>\n<p><img loading=\"lazy\" decoding=\"async\" class=\"alignnone size-medium wp-image-4979\" src=\"https:\/\/rivera.gub.uy\/social\/wp-content\/uploads\/2019\/02\/FB_IMG_1550506279998-300x200.jpg\" alt=\"\" width=\"300\" height=\"200\" srcset=\"https:\/\/www.rivera.gub.uy\/social\/wp-content\/uploads\/2019\/02\/FB_IMG_1550506279998-300x200.jpg 300w, https:\/\/www.rivera.gub.uy\/social\/wp-content\/uploads\/2019\/02\/FB_IMG_1550506279998-600x400.jpg 600w, https:\/\/www.rivera.gub.uy\/social\/wp-content\/uploads\/2019\/02\/FB_IMG_1550506279998-272x182.jpg 272w, https:\/\/www.rivera.gub.uy\/social\/wp-content\/uploads\/2019\/02\/FB_IMG_1550506279998.jpg 720w\" sizes=\"(max-width: 300px) 100vw, 300px\" \/>\u00a0<img loading=\"lazy\" decoding=\"async\" class=\"alignnone size-medium wp-image-4980\" src=\"https:\/\/rivera.gub.uy\/social\/wp-content\/uploads\/2019\/02\/FB_IMG_1550506290227-300x200.jpg\" alt=\"\" width=\"300\" height=\"200\" srcset=\"https:\/\/www.rivera.gub.uy\/social\/wp-content\/uploads\/2019\/02\/FB_IMG_1550506290227-300x200.jpg 300w, https:\/\/www.rivera.gub.uy\/social\/wp-content\/uploads\/2019\/02\/FB_IMG_1550506290227-600x400.jpg 600w, https:\/\/www.rivera.gub.uy\/social\/wp-content\/uploads\/2019\/02\/FB_IMG_1550506290227-272x182.jpg 272w, https:\/\/www.rivera.gub.uy\/social\/wp-content\/uploads\/2019\/02\/FB_IMG_1550506290227.jpg 720w\" sizes=\"(max-width: 300px) 100vw, 300px\" \/><\/p>\n<p><img loading=\"lazy\" decoding=\"async\" class=\"alignnone  wp-image-4982\" src=\"https:\/\/rivera.gub.uy\/social\/wp-content\/uploads\/2019\/02\/FB_IMG_1550506384183-300x200.jpg\" alt=\"\" width=\"446\" height=\"297\" srcset=\"https:\/\/www.rivera.gub.uy\/social\/wp-content\/uploads\/2019\/02\/FB_IMG_1550506384183-300x200.jpg 300w, https:\/\/www.rivera.gub.uy\/social\/wp-content\/uploads\/2019\/02\/FB_IMG_1550506384183-600x400.jpg 600w, https:\/\/www.rivera.gub.uy\/social\/wp-content\/uploads\/2019\/02\/FB_IMG_1550506384183-272x182.jpg 272w, https:\/\/www.rivera.gub.uy\/social\/wp-content\/uploads\/2019\/02\/FB_IMG_1550506384183.jpg 720w\" sizes=\"(max-width: 446px) 100vw, 446px\" \/> <img loading=\"lazy\" decoding=\"async\" class=\"alignnone size-medium wp-image-4983\" src=\"https:\/\/rivera.gub.uy\/social\/wp-content\/uploads\/2019\/02\/FB_IMG_1550506453408-254x300.jpg\" alt=\"\" width=\"254\" height=\"300\" srcset=\"https:\/\/www.rivera.gub.uy\/social\/wp-content\/uploads\/2019\/02\/FB_IMG_1550506453408-254x300.jpg 254w, https:\/\/www.rivera.gub.uy\/social\/wp-content\/uploads\/2019\/02\/FB_IMG_1550506453408.jpg 720w\" sizes=\"(max-width: 254px) 100vw, 254px\" \/><\/p>\n<p><!--more--><\/p>\n<p>Fotos: JR Producciones<\/p>\n","protected":false},"excerpt":{"rendered":"<p>El domingo en el Teatro Municipal se realiz\u00f3 la Elecci\u00f3n de la Reina y Rey Momo del Carnaval de Rivera, donde por votaci\u00f3n del jurado, redes sociales y del p\u00fablico all\u00ed presente, se coron\u00f3 a Priscila Silva Reina del Carnaval 2019 y Jos\u00e9 Viana Rey Momo del Carnaval 2019. \u00a0\u00a0 \u00a0\u00a0 \u00a0 \u00a0 \u00a0<\/p>\n","protected":false},"author":3,"featured_media":4981,"comment_status":"open","ping_status":"open","sticky":false,"template":"","format":"standard","meta":{"footnotes":""},"categories":[6,8,7,9],"tags":[210,177,283,281,279,209,282],"_links":{"self":[{"href":"https:\/\/www.rivera.gub.uy\/social\/wp-json\/wp\/v2\/posts\/4958"}],"collection":[{"href":"https:\/\/www.rivera.gub.uy\/social\/wp-json\/wp\/v2\/posts"}],"about":[{"href":"https:\/\/www.rivera.gub.uy\/social\/wp-json\/wp\/v2\/types\/post"}],"author":[{"embeddable":true,"href":"https:\/\/www.rivera.gub.uy\/social\/wp-json\/wp\/v2\/users\/3"}],"replies":[{"embeddable":true,"href":"https:\/\/www.rivera.gub.uy\/social\/wp-json\/wp\/v2\/comments?post=4958"}],"version-history":[{"count":7,"href":"https:\/\/www.rivera.gub.uy\/social\/wp-json\/wp\/v2\/posts\/4958\/revisions"}],"predecessor-version":[{"id":4992,"href":"https:\/\/www.rivera.gub.uy\/social\/wp-json\/wp\/v2\/posts\/4958\/revisions\/4992"}],"wp:featuredmedia":[{"embeddable":true,"href":"https:\/\/www.rivera.gub.uy\/social\/wp-json\/wp\/v2\/media\/4981"}],"wp:attachment":[{"href":"https:\/\/www.rivera.gub.uy\/social\/wp-json\/wp\/v2\/media?parent=4958"}],"wp:term":[{"taxonomy":"category","embeddable":true,"href":"https:\/\/www.rivera.gub.uy\/social\/wp-json\/wp\/v2\/categories?post=4958"},{"taxonomy":"post_tag","embeddable":true,"href":"https:\/\/www.rivera.gub.uy\/social\/wp-json\/wp\/v2\/tags?post=4958"}],"curies":[{"name":"wp","href":"https:\/\/api.w.org\/{rel}","templated":true}]}}