{"id":5001,"date":"2019-02-26T12:28:58","date_gmt":"2019-02-26T12:28:58","guid":{"rendered":"https:\/\/rivera.gub.uy\/social\/?p=5001"},"modified":"2019-02-26T12:28:58","modified_gmt":"2019-02-26T12:28:58","slug":"ossodre","status":"publish","type":"post","link":"https:\/\/www.rivera.gub.uy\/social\/ossodre\/","title":{"rendered":"OSSODRE"},"content":{"rendered":"<p>El viernes 22 del corriente, en el Teatro Municipal, se present\u00f3 la Orquesta Sinf\u00f3nica del Sodre con su Primer Festival Cl\u00e1sico Barroco.<!--more--><br \/>\nBajo la direcci\u00f3n del violinista Gast\u00f3n Ger\u00f3nimo, la orquesta present\u00f3 obras de H\u00e4ndel, Mozart, Haydn y Telemann.<br \/>\nLa presentaci\u00f3n de un archila\u00fad fue uno de los tantos destaques.<\/p>\n<p>El p\u00fablico fronterizo colm\u00f3 la sala y sus calurosos aplausos demostraron que el espect\u00e1culo hab\u00eda estado en consonancia con su espectativa.<\/p>\n<div id='gallery-1' class='gallery galleryid-5001 gallery-columns-3 gallery-size-thumbnail'><figure class='gallery-item'>\n\t\t\t<div class='gallery-icon portrait'>\n\t\t\t\t<a href='https:\/\/www.rivera.gub.uy\/social\/wp-content\/uploads\/2019\/02\/1.jpg'><img loading=\"lazy\" decoding=\"async\" width=\"150\" height=\"150\" src=\"https:\/\/www.rivera.gub.uy\/social\/wp-content\/uploads\/2019\/02\/1-150x150.jpg\" class=\"attachment-thumbnail size-thumbnail\" alt=\"\" \/><\/a>\n\t\t\t<\/div><\/figure><figure class='gallery-item'>\n\t\t\t<div class='gallery-icon landscape'>\n\t\t\t\t<a href='https:\/\/www.rivera.gub.uy\/social\/wp-content\/uploads\/2019\/02\/2.jpg'><img loading=\"lazy\" decoding=\"async\" width=\"150\" height=\"150\" src=\"https:\/\/www.rivera.gub.uy\/social\/wp-content\/uploads\/2019\/02\/2-150x150.jpg\" class=\"attachment-thumbnail size-thumbnail\" alt=\"\" \/><\/a>\n\t\t\t<\/div><\/figure><figure class='gallery-item'>\n\t\t\t<div class='gallery-icon landscape'>\n\t\t\t\t<a href='https:\/\/www.rivera.gub.uy\/social\/wp-content\/uploads\/2019\/02\/3.jpg'><img loading=\"lazy\" decoding=\"async\" width=\"150\" height=\"150\" src=\"https:\/\/www.rivera.gub.uy\/social\/wp-content\/uploads\/2019\/02\/3-150x150.jpg\" class=\"attachment-thumbnail size-thumbnail\" alt=\"\" \/><\/a>\n\t\t\t<\/div><\/figure>\n\t\t<\/div>\n\n","protected":false},"excerpt":{"rendered":"<p>El viernes 22 del corriente, en el Teatro Municipal, se present\u00f3 la Orquesta Sinf\u00f3nica del Sodre con su Primer Festival Cl\u00e1sico Barroco.<\/p>\n","protected":false},"author":2,"featured_media":5004,"comment_status":"open","ping_status":"open","sticky":false,"template":"","format":"standard","meta":{"footnotes":""},"categories":[8,1,7,9],"tags":[],"_links":{"self":[{"href":"https:\/\/www.rivera.gub.uy\/social\/wp-json\/wp\/v2\/posts\/5001"}],"collection":[{"href":"https:\/\/www.rivera.gub.uy\/social\/wp-json\/wp\/v2\/posts"}],"about":[{"href":"https:\/\/www.rivera.gub.uy\/social\/wp-json\/wp\/v2\/types\/post"}],"author":[{"embeddable":true,"href":"https:\/\/www.rivera.gub.uy\/social\/wp-json\/wp\/v2\/users\/2"}],"replies":[{"embeddable":true,"href":"https:\/\/www.rivera.gub.uy\/social\/wp-json\/wp\/v2\/comments?post=5001"}],"version-history":[{"count":1,"href":"https:\/\/www.rivera.gub.uy\/social\/wp-json\/wp\/v2\/posts\/5001\/revisions"}],"predecessor-version":[{"id":5005,"href":"https:\/\/www.rivera.gub.uy\/social\/wp-json\/wp\/v2\/posts\/5001\/revisions\/5005"}],"wp:featuredmedia":[{"embeddable":true,"href":"https:\/\/www.rivera.gub.uy\/social\/wp-json\/wp\/v2\/media\/5004"}],"wp:attachment":[{"href":"https:\/\/www.rivera.gub.uy\/social\/wp-json\/wp\/v2\/media?parent=5001"}],"wp:term":[{"taxonomy":"category","embeddable":true,"href":"https:\/\/www.rivera.gub.uy\/social\/wp-json\/wp\/v2\/categories?post=5001"},{"taxonomy":"post_tag","embeddable":true,"href":"https:\/\/www.rivera.gub.uy\/social\/wp-json\/wp\/v2\/tags?post=5001"}],"curies":[{"name":"wp","href":"https:\/\/api.w.org\/{rel}","templated":true}]}}