{"id":5072,"date":"2019-04-22T12:07:14","date_gmt":"2019-04-22T12:07:14","guid":{"rendered":"https:\/\/rivera.gub.uy\/social\/?p=5072"},"modified":"2019-05-22T14:05:08","modified_gmt":"2019-05-22T14:05:08","slug":"vii-feria-binacional-de-pascua-2","status":"publish","type":"post","link":"https:\/\/www.rivera.gub.uy\/social\/vii-feria-binacional-de-pascua-2\/","title":{"rendered":"VII Feria Binacional de Pascua"},"content":{"rendered":"<h3>El d\u00eda mi\u00e9rcoles 17 de abril, se realiz\u00f3 el Concurso de Arroz con Orejones en el Centro de Visitantes del Parque Internacional, dentro de la Programaci\u00f3n del Festival. En el mismo se eligieron las tres mejores recetas de los productores locales.<\/h3>\n<p><img loading=\"lazy\" decoding=\"async\" class=\"alignnone size-medium wp-image-5073\" src=\"https:\/\/rivera.gub.uy\/social\/wp-content\/uploads\/2019\/04\/FB_IMG_1555638328932-300x200.jpg\" alt=\"\" width=\"300\" height=\"200\" srcset=\"https:\/\/www.rivera.gub.uy\/social\/wp-content\/uploads\/2019\/04\/FB_IMG_1555638328932-300x200.jpg 300w, https:\/\/www.rivera.gub.uy\/social\/wp-content\/uploads\/2019\/04\/FB_IMG_1555638328932-600x400.jpg 600w, https:\/\/www.rivera.gub.uy\/social\/wp-content\/uploads\/2019\/04\/FB_IMG_1555638328932-272x182.jpg 272w, https:\/\/www.rivera.gub.uy\/social\/wp-content\/uploads\/2019\/04\/FB_IMG_1555638328932.jpg 720w\" sizes=\"(max-width: 300px) 100vw, 300px\" \/> <img loading=\"lazy\" decoding=\"async\" class=\"alignnone size-medium wp-image-5077\" src=\"https:\/\/rivera.gub.uy\/social\/wp-content\/uploads\/2019\/04\/FB_IMG_1555639880859-300x200.jpg\" alt=\"\" width=\"300\" height=\"200\" srcset=\"https:\/\/www.rivera.gub.uy\/social\/wp-content\/uploads\/2019\/04\/FB_IMG_1555639880859-300x200.jpg 300w, https:\/\/www.rivera.gub.uy\/social\/wp-content\/uploads\/2019\/04\/FB_IMG_1555639880859-600x400.jpg 600w, https:\/\/www.rivera.gub.uy\/social\/wp-content\/uploads\/2019\/04\/FB_IMG_1555639880859-272x182.jpg 272w, https:\/\/www.rivera.gub.uy\/social\/wp-content\/uploads\/2019\/04\/FB_IMG_1555639880859.jpg 720w\" sizes=\"(max-width: 300px) 100vw, 300px\" \/> <img loading=\"lazy\" decoding=\"async\" class=\"alignnone size-medium wp-image-5076\" src=\"https:\/\/rivera.gub.uy\/social\/wp-content\/uploads\/2019\/04\/FB_IMG_1555639878325-300x200.jpg\" alt=\"\" width=\"300\" height=\"200\" srcset=\"https:\/\/www.rivera.gub.uy\/social\/wp-content\/uploads\/2019\/04\/FB_IMG_1555639878325-300x200.jpg 300w, https:\/\/www.rivera.gub.uy\/social\/wp-content\/uploads\/2019\/04\/FB_IMG_1555639878325-600x400.jpg 600w, https:\/\/www.rivera.gub.uy\/social\/wp-content\/uploads\/2019\/04\/FB_IMG_1555639878325-272x182.jpg 272w, https:\/\/www.rivera.gub.uy\/social\/wp-content\/uploads\/2019\/04\/FB_IMG_1555639878325.jpg 720w\" sizes=\"(max-width: 300px) 100vw, 300px\" \/> <img loading=\"lazy\" decoding=\"async\" class=\"alignnone size-medium wp-image-5075\" src=\"https:\/\/rivera.gub.uy\/social\/wp-content\/uploads\/2019\/04\/FB_IMG_1555639875566-300x200.jpg\" alt=\"\" width=\"300\" height=\"200\" srcset=\"https:\/\/www.rivera.gub.uy\/social\/wp-content\/uploads\/2019\/04\/FB_IMG_1555639875566-300x200.jpg 300w, https:\/\/www.rivera.gub.uy\/social\/wp-content\/uploads\/2019\/04\/FB_IMG_1555639875566-600x400.jpg 600w, https:\/\/www.rivera.gub.uy\/social\/wp-content\/uploads\/2019\/04\/FB_IMG_1555639875566-272x182.jpg 272w, https:\/\/www.rivera.gub.uy\/social\/wp-content\/uploads\/2019\/04\/FB_IMG_1555639875566.jpg 720w\" sizes=\"(max-width: 300px) 100vw, 300px\" \/><\/p>\n<p><!--more--><\/p>\n<p>Premios:<br \/>\n1\u00baLugar: Marta Moreira<br \/>\n2\u00ba Lugar: Karen Lopez<br \/>\n3\u00ba Lugar: Olina Esther Silveira<\/p>\n","protected":false},"excerpt":{"rendered":"<p>El d\u00eda mi\u00e9rcoles 17 de abril, se realiz\u00f3 el Concurso de Arroz con Orejones en el Centro de Visitantes del Parque Internacional, dentro de la Programaci\u00f3n del Festival. En el mismo se eligieron las tres mejores recetas de los productores locales.<\/p>\n","protected":false},"author":3,"featured_media":5135,"comment_status":"open","ping_status":"open","sticky":false,"template":"","format":"standard","meta":{"footnotes":""},"categories":[6,8,1,9],"tags":[288,144,16,113,152,289,17],"_links":{"self":[{"href":"https:\/\/www.rivera.gub.uy\/social\/wp-json\/wp\/v2\/posts\/5072"}],"collection":[{"href":"https:\/\/www.rivera.gub.uy\/social\/wp-json\/wp\/v2\/posts"}],"about":[{"href":"https:\/\/www.rivera.gub.uy\/social\/wp-json\/wp\/v2\/types\/post"}],"author":[{"embeddable":true,"href":"https:\/\/www.rivera.gub.uy\/social\/wp-json\/wp\/v2\/users\/3"}],"replies":[{"embeddable":true,"href":"https:\/\/www.rivera.gub.uy\/social\/wp-json\/wp\/v2\/comments?post=5072"}],"version-history":[{"count":1,"href":"https:\/\/www.rivera.gub.uy\/social\/wp-json\/wp\/v2\/posts\/5072\/revisions"}],"predecessor-version":[{"id":5080,"href":"https:\/\/www.rivera.gub.uy\/social\/wp-json\/wp\/v2\/posts\/5072\/revisions\/5080"}],"wp:featuredmedia":[{"embeddable":true,"href":"https:\/\/www.rivera.gub.uy\/social\/wp-json\/wp\/v2\/media\/5135"}],"wp:attachment":[{"href":"https:\/\/www.rivera.gub.uy\/social\/wp-json\/wp\/v2\/media?parent=5072"}],"wp:term":[{"taxonomy":"category","embeddable":true,"href":"https:\/\/www.rivera.gub.uy\/social\/wp-json\/wp\/v2\/categories?post=5072"},{"taxonomy":"post_tag","embeddable":true,"href":"https:\/\/www.rivera.gub.uy\/social\/wp-json\/wp\/v2\/tags?post=5072"}],"curies":[{"name":"wp","href":"https:\/\/api.w.org\/{rel}","templated":true}]}}