{"id":5102,"date":"2019-05-13T14:01:16","date_gmt":"2019-05-13T14:01:16","guid":{"rendered":"https:\/\/rivera.gub.uy\/social\/?p=5102"},"modified":"2019-05-13T14:01:16","modified_gmt":"2019-05-13T14:01:16","slug":"6o-festival-binacional-de-enogastronomia","status":"publish","type":"post","link":"https:\/\/www.rivera.gub.uy\/social\/6o-festival-binacional-de-enogastronomia\/","title":{"rendered":"6\u00ba Festival Binacional de Enogastronom\u00eda"},"content":{"rendered":"<h3>El d\u00eda mi\u00e9rcoles 08 de mayo en el subsuelo de Acil (Livramento), se realiz\u00f3 el Acto de Posesi\u00f3n de los integrantes del Consejo Ejecutivo, Financiero y Gestor del 6\u00ba Festival Binacional de Enogastronom\u00eda.<\/h3>\n<p><img loading=\"lazy\" decoding=\"async\" class=\"alignnone size-medium wp-image-5105\" src=\"https:\/\/rivera.gub.uy\/social\/wp-content\/uploads\/2019\/05\/20190508_191021-300x169.jpg\" alt=\"\" width=\"300\" height=\"169\" srcset=\"https:\/\/www.rivera.gub.uy\/social\/wp-content\/uploads\/2019\/05\/20190508_191021-300x169.jpg 300w, https:\/\/www.rivera.gub.uy\/social\/wp-content\/uploads\/2019\/05\/20190508_191021-768x432.jpg 768w, https:\/\/www.rivera.gub.uy\/social\/wp-content\/uploads\/2019\/05\/20190508_191021-1024x576.jpg 1024w, https:\/\/www.rivera.gub.uy\/social\/wp-content\/uploads\/2019\/05\/20190508_191021-820x462.jpg 820w, https:\/\/www.rivera.gub.uy\/social\/wp-content\/uploads\/2019\/05\/20190508_191021.jpg 1032w\" sizes=\"(max-width: 300px) 100vw, 300px\" \/> <img loading=\"lazy\" decoding=\"async\" class=\"alignnone size-medium wp-image-5106\" src=\"https:\/\/rivera.gub.uy\/social\/wp-content\/uploads\/2019\/05\/20190508_191149-300x169.jpg\" alt=\"\" width=\"300\" height=\"169\" srcset=\"https:\/\/www.rivera.gub.uy\/social\/wp-content\/uploads\/2019\/05\/20190508_191149-300x169.jpg 300w, https:\/\/www.rivera.gub.uy\/social\/wp-content\/uploads\/2019\/05\/20190508_191149-768x432.jpg 768w, https:\/\/www.rivera.gub.uy\/social\/wp-content\/uploads\/2019\/05\/20190508_191149-1024x576.jpg 1024w, https:\/\/www.rivera.gub.uy\/social\/wp-content\/uploads\/2019\/05\/20190508_191149-820x462.jpg 820w, https:\/\/www.rivera.gub.uy\/social\/wp-content\/uploads\/2019\/05\/20190508_191149.jpg 1032w\" sizes=\"(max-width: 300px) 100vw, 300px\" \/><\/p>\n<p><img loading=\"lazy\" decoding=\"async\" class=\"alignnone size-medium wp-image-5104\" src=\"https:\/\/rivera.gub.uy\/social\/wp-content\/uploads\/2019\/05\/20190508_191012-169x300.jpg\" alt=\"\" width=\"169\" height=\"300\" srcset=\"https:\/\/www.rivera.gub.uy\/social\/wp-content\/uploads\/2019\/05\/20190508_191012-169x300.jpg 169w, https:\/\/www.rivera.gub.uy\/social\/wp-content\/uploads\/2019\/05\/20190508_191012-768x1365.jpg 768w, https:\/\/www.rivera.gub.uy\/social\/wp-content\/uploads\/2019\/05\/20190508_191012-576x1024.jpg 576w, https:\/\/www.rivera.gub.uy\/social\/wp-content\/uploads\/2019\/05\/20190508_191012-820x1458.jpg 820w\" sizes=\"(max-width: 169px) 100vw, 169px\" \/> <img loading=\"lazy\" decoding=\"async\" class=\"alignnone size-medium wp-image-5103\" src=\"https:\/\/rivera.gub.uy\/social\/wp-content\/uploads\/2019\/05\/20190508_190849-169x300.jpg\" alt=\"\" width=\"169\" height=\"300\" srcset=\"https:\/\/www.rivera.gub.uy\/social\/wp-content\/uploads\/2019\/05\/20190508_190849-169x300.jpg 169w, https:\/\/www.rivera.gub.uy\/social\/wp-content\/uploads\/2019\/05\/20190508_190849-768x1365.jpg 768w, https:\/\/www.rivera.gub.uy\/social\/wp-content\/uploads\/2019\/05\/20190508_190849-576x1024.jpg 576w, https:\/\/www.rivera.gub.uy\/social\/wp-content\/uploads\/2019\/05\/20190508_190849-820x1458.jpg 820w\" sizes=\"(max-width: 169px) 100vw, 169px\" \/> <img loading=\"lazy\" decoding=\"async\" class=\"alignnone size-medium wp-image-5108\" src=\"https:\/\/rivera.gub.uy\/social\/wp-content\/uploads\/2019\/05\/20190508_185637-169x300.jpg\" alt=\"\" width=\"169\" height=\"300\" srcset=\"https:\/\/www.rivera.gub.uy\/social\/wp-content\/uploads\/2019\/05\/20190508_185637-169x300.jpg 169w, https:\/\/www.rivera.gub.uy\/social\/wp-content\/uploads\/2019\/05\/20190508_185637-768x1365.jpg 768w, https:\/\/www.rivera.gub.uy\/social\/wp-content\/uploads\/2019\/05\/20190508_185637-576x1024.jpg 576w, https:\/\/www.rivera.gub.uy\/social\/wp-content\/uploads\/2019\/05\/20190508_185637-820x1458.jpg 820w\" sizes=\"(max-width: 169px) 100vw, 169px\" \/> <img loading=\"lazy\" decoding=\"async\" class=\"alignnone size-medium wp-image-5112\" src=\"https:\/\/rivera.gub.uy\/social\/wp-content\/uploads\/2019\/05\/20190508_190413-169x300.jpg\" alt=\"\" width=\"169\" height=\"300\" srcset=\"https:\/\/www.rivera.gub.uy\/social\/wp-content\/uploads\/2019\/05\/20190508_190413-169x300.jpg 169w, https:\/\/www.rivera.gub.uy\/social\/wp-content\/uploads\/2019\/05\/20190508_190413-768x1365.jpg 768w, https:\/\/www.rivera.gub.uy\/social\/wp-content\/uploads\/2019\/05\/20190508_190413-576x1024.jpg 576w, https:\/\/www.rivera.gub.uy\/social\/wp-content\/uploads\/2019\/05\/20190508_190413-820x1458.jpg 820w\" sizes=\"(max-width: 169px) 100vw, 169px\" \/><\/p>\n<p><img loading=\"lazy\" decoding=\"async\" class=\"alignnone size-medium wp-image-5110\" src=\"https:\/\/rivera.gub.uy\/social\/wp-content\/uploads\/2019\/05\/20190508_185713-300x169.jpg\" alt=\"\" width=\"300\" height=\"169\" srcset=\"https:\/\/www.rivera.gub.uy\/social\/wp-content\/uploads\/2019\/05\/20190508_185713-300x169.jpg 300w, https:\/\/www.rivera.gub.uy\/social\/wp-content\/uploads\/2019\/05\/20190508_185713-768x432.jpg 768w, https:\/\/www.rivera.gub.uy\/social\/wp-content\/uploads\/2019\/05\/20190508_185713-1024x576.jpg 1024w, https:\/\/www.rivera.gub.uy\/social\/wp-content\/uploads\/2019\/05\/20190508_185713-820x462.jpg 820w, https:\/\/www.rivera.gub.uy\/social\/wp-content\/uploads\/2019\/05\/20190508_185713.jpg 1032w\" sizes=\"(max-width: 300px) 100vw, 300px\" \/> <img loading=\"lazy\" decoding=\"async\" class=\"alignnone size-medium wp-image-5109\" src=\"https:\/\/rivera.gub.uy\/social\/wp-content\/uploads\/2019\/05\/20190508_185649-300x174.jpg\" alt=\"\" width=\"300\" height=\"174\" srcset=\"https:\/\/www.rivera.gub.uy\/social\/wp-content\/uploads\/2019\/05\/20190508_185649-300x174.jpg 300w, https:\/\/www.rivera.gub.uy\/social\/wp-content\/uploads\/2019\/05\/20190508_185649-768x444.jpg 768w, https:\/\/www.rivera.gub.uy\/social\/wp-content\/uploads\/2019\/05\/20190508_185649-820x474.jpg 820w, https:\/\/www.rivera.gub.uy\/social\/wp-content\/uploads\/2019\/05\/20190508_185649.jpg 980w\" sizes=\"(max-width: 300px) 100vw, 300px\" \/><\/p>\n<p>&nbsp;<\/p>\n","protected":false},"excerpt":{"rendered":"<p>El d\u00eda mi\u00e9rcoles 08 de mayo en el subsuelo de Acil (Livramento), se realiz\u00f3 el Acto de Posesi\u00f3n de los integrantes del Consejo Ejecutivo, Financiero y Gestor del 6\u00ba Festival Binacional de Enogastronom\u00eda. &nbsp;<\/p>\n","protected":false},"author":3,"featured_media":5113,"comment_status":"open","ping_status":"open","sticky":false,"template":"","format":"standard","meta":{"footnotes":""},"categories":[1,7,9],"tags":[251,184,183,295,186,247,296,17,185],"_links":{"self":[{"href":"https:\/\/www.rivera.gub.uy\/social\/wp-json\/wp\/v2\/posts\/5102"}],"collection":[{"href":"https:\/\/www.rivera.gub.uy\/social\/wp-json\/wp\/v2\/posts"}],"about":[{"href":"https:\/\/www.rivera.gub.uy\/social\/wp-json\/wp\/v2\/types\/post"}],"author":[{"embeddable":true,"href":"https:\/\/www.rivera.gub.uy\/social\/wp-json\/wp\/v2\/users\/3"}],"replies":[{"embeddable":true,"href":"https:\/\/www.rivera.gub.uy\/social\/wp-json\/wp\/v2\/comments?post=5102"}],"version-history":[{"count":3,"href":"https:\/\/www.rivera.gub.uy\/social\/wp-json\/wp\/v2\/posts\/5102\/revisions"}],"predecessor-version":[{"id":5116,"href":"https:\/\/www.rivera.gub.uy\/social\/wp-json\/wp\/v2\/posts\/5102\/revisions\/5116"}],"wp:featuredmedia":[{"embeddable":true,"href":"https:\/\/www.rivera.gub.uy\/social\/wp-json\/wp\/v2\/media\/5113"}],"wp:attachment":[{"href":"https:\/\/www.rivera.gub.uy\/social\/wp-json\/wp\/v2\/media?parent=5102"}],"wp:term":[{"taxonomy":"category","embeddable":true,"href":"https:\/\/www.rivera.gub.uy\/social\/wp-json\/wp\/v2\/categories?post=5102"},{"taxonomy":"post_tag","embeddable":true,"href":"https:\/\/www.rivera.gub.uy\/social\/wp-json\/wp\/v2\/tags?post=5102"}],"curies":[{"name":"wp","href":"https:\/\/api.w.org\/{rel}","templated":true}]}}