{"id":5210,"date":"2019-09-04T14:29:41","date_gmt":"2019-09-04T14:29:41","guid":{"rendered":"https:\/\/www.rivera.gub.uy\/social\/?p=5210"},"modified":"2019-09-04T14:29:41","modified_gmt":"2019-09-04T14:29:41","slug":"reunion-nacional-directores-de-turismo","status":"publish","type":"post","link":"https:\/\/www.rivera.gub.uy\/social\/reunion-nacional-directores-de-turismo\/","title":{"rendered":"Reuni\u00f3n Nacional Directores de Turismo"},"content":{"rendered":"<h4>El d\u00eda de hoy el Director de Turismo Carlos Martorell, se re\u00fane en el MINTUR junto a los dem\u00e1s Directores de Turismo del Uruguay, en el marco del Lanzamiento de la Rural del Prado 2019, que se realizar\u00e1 del 04 al 15 de setiembre en la ciudad de Montevideo.<\/h4>\n<p><a href=\"https:\/\/www.rivera.gub.uy\/social\/wp-content\/uploads\/2019\/09\/WhatsApp-Image-2019-09-04-at-11.02.13-2.jpeg\"><img loading=\"lazy\" decoding=\"async\" class=\"aligncenter size-full wp-image-5218\" src=\"https:\/\/www.rivera.gub.uy\/social\/wp-content\/uploads\/2019\/09\/WhatsApp-Image-2019-09-04-at-11.02.13-2.jpeg\" alt=\"\" width=\"800\" height=\"450\" srcset=\"https:\/\/www.rivera.gub.uy\/social\/wp-content\/uploads\/2019\/09\/WhatsApp-Image-2019-09-04-at-11.02.13-2.jpeg 800w, https:\/\/www.rivera.gub.uy\/social\/wp-content\/uploads\/2019\/09\/WhatsApp-Image-2019-09-04-at-11.02.13-2-300x169.jpeg 300w, https:\/\/www.rivera.gub.uy\/social\/wp-content\/uploads\/2019\/09\/WhatsApp-Image-2019-09-04-at-11.02.13-2-768x432.jpeg 768w\" sizes=\"(max-width: 800px) 100vw, 800px\" \/><\/a><\/p>\n","protected":false},"excerpt":{"rendered":"<p>El d\u00eda de hoy el Director de Turismo Carlos Martorell, se re\u00fane en el MINTUR junto a los dem\u00e1s Directores de Turismo del Uruguay, en el marco del Lanzamiento de la Rural del Prado 2019, que se realizar\u00e1 del 04 al 15 de setiembre en la ciudad de Montevideo.<\/p>\n","protected":false},"author":2,"featured_media":5211,"comment_status":"open","ping_status":"open","sticky":false,"template":"","format":"standard","meta":{"footnotes":""},"categories":[8,1,7,9],"tags":[143,168,193,192,17,195,159],"_links":{"self":[{"href":"https:\/\/www.rivera.gub.uy\/social\/wp-json\/wp\/v2\/posts\/5210"}],"collection":[{"href":"https:\/\/www.rivera.gub.uy\/social\/wp-json\/wp\/v2\/posts"}],"about":[{"href":"https:\/\/www.rivera.gub.uy\/social\/wp-json\/wp\/v2\/types\/post"}],"author":[{"embeddable":true,"href":"https:\/\/www.rivera.gub.uy\/social\/wp-json\/wp\/v2\/users\/2"}],"replies":[{"embeddable":true,"href":"https:\/\/www.rivera.gub.uy\/social\/wp-json\/wp\/v2\/comments?post=5210"}],"version-history":[{"count":5,"href":"https:\/\/www.rivera.gub.uy\/social\/wp-json\/wp\/v2\/posts\/5210\/revisions"}],"predecessor-version":[{"id":5220,"href":"https:\/\/www.rivera.gub.uy\/social\/wp-json\/wp\/v2\/posts\/5210\/revisions\/5220"}],"wp:featuredmedia":[{"embeddable":true,"href":"https:\/\/www.rivera.gub.uy\/social\/wp-json\/wp\/v2\/media\/5211"}],"wp:attachment":[{"href":"https:\/\/www.rivera.gub.uy\/social\/wp-json\/wp\/v2\/media?parent=5210"}],"wp:term":[{"taxonomy":"category","embeddable":true,"href":"https:\/\/www.rivera.gub.uy\/social\/wp-json\/wp\/v2\/categories?post=5210"},{"taxonomy":"post_tag","embeddable":true,"href":"https:\/\/www.rivera.gub.uy\/social\/wp-json\/wp\/v2\/tags?post=5210"}],"curies":[{"name":"wp","href":"https:\/\/api.w.org\/{rel}","templated":true}]}}