{"id":5257,"date":"2019-11-01T13:04:45","date_gmt":"2019-11-01T13:04:45","guid":{"rendered":"https:\/\/www.rivera.gub.uy\/social\/?p=5257"},"modified":"2019-11-01T14:19:06","modified_gmt":"2019-11-01T14:19:06","slug":"inscripciones-abierta-para-el-taller-el-cuerpo-y-la-voz-en-escena","status":"publish","type":"post","link":"https:\/\/www.rivera.gub.uy\/social\/inscripciones-abierta-para-el-taller-el-cuerpo-y-la-voz-en-escena\/","title":{"rendered":"Inscripciones para el taller El cuerpo y la voz en escena"},"content":{"rendered":"<p><span style=\"font-weight: 400;\">EL concurso\u00a0 JOVENES M\u00daSICOS DE LA FRONTERA ofrece un programa de capacitaciones compuesto por Talleres de Sonorizaci\u00f3n, Fotograf\u00eda, Producci\u00f3n y Marketing Cultural y Performance musical. Los talleres ocurrir\u00e1n en noviembre y diciembre de 2019, abierto a todos los m\u00fasicos de la frontera, mediante inscripci\u00f3n.<\/span><\/p>\n<p>El primer taller ocurre el pr\u00f3ximo 7 de noviembre, a partir de las 18:30 horas en Casa de la Cultura con la docente Virginia Nu\u00f1ez.<\/p>\n<div class=\"gmail-WordSection1\">\n<p class=\"gmail-MsoBodyText\"><span lang=\"ES\">Virginia N\u00fa\u00f1ez es <\/span><span lang=\"ES\">s<\/span> <span lang=\"ES\">c<\/span><span lang=\"ES\">an<\/span><span lang=\"ES\">t<\/span><span lang=\"ES\">an<\/span><span lang=\"ES\">t<\/span><span lang=\"ES\">e<\/span> <span lang=\"ES\">y<\/span> <span lang=\"ES\">d<\/span><span lang=\"ES\">o<\/span><span lang=\"ES\">c<\/span><span lang=\"ES\">en<\/span><span lang=\"ES\">t<\/span><span lang=\"ES\">e<\/span> <span lang=\"ES\">d<\/span><span lang=\"ES\">e<\/span> <span lang=\"ES\">c<\/span><span lang=\"ES\">an<\/span><span lang=\"ES\">t<\/span><span lang=\"ES\">o<\/span> <span lang=\"ES\">c<\/span><span lang=\"ES\">on<\/span>\u00a0<span lang=\"ES\">m<\/span><span lang=\"ES\">\u00e1<\/span><span lang=\"ES\">s<\/span> <span lang=\"ES\">d<\/span><span lang=\"ES\">e<\/span> <span lang=\"ES\">1<\/span><span lang=\"ES\">0<\/span> <span lang=\"ES\">a<\/span><span lang=\"ES\">\u00f1<\/span><span lang=\"ES\">o<\/span><span lang=\"ES\">s<\/span> <span lang=\"ES\">d<\/span><span lang=\"ES\">e<\/span> <span lang=\"ES\">t<\/span><span lang=\"ES\">r<\/span><span lang=\"ES\">a<\/span><span lang=\"ES\">y<\/span><span lang=\"ES\">e<\/span><span lang=\"ES\">c<\/span><span lang=\"ES\">t<\/span><span lang=\"ES\">o<\/span><span lang=\"ES\">ri<\/span><span lang=\"ES\">a<\/span><span lang=\"ES\">.<\/span><\/p>\n<p class=\"gmail-MsoBodyText\">Estudio m\u00fasica\u00a0<span lang=\"ES\">d<\/span><span lang=\"ES\">e<\/span><span lang=\"ES\">s<\/span><span lang=\"ES\">d<\/span><span lang=\"ES\">e<\/span> <span lang=\"ES\">p<\/span><span lang=\"ES\">e<\/span><span lang=\"ES\">q<\/span><span lang=\"ES\">u<\/span><span lang=\"ES\">e<\/span><span lang=\"ES\">\u00f1<\/span><span lang=\"ES\">a<\/span> <span lang=\"ES\">e<\/span> ininterruptamente \u00a0<span lang=\"ES\">h<\/span><span lang=\"ES\">a<\/span><span lang=\"ES\">s<\/span><span lang=\"ES\">t<\/span><span lang=\"ES\">a<\/span> <span lang=\"ES\">s<\/span><span lang=\"ES\">u<\/span><span lang=\"ES\">s 2<\/span><span lang=\"ES\">5<\/span> <span lang=\"ES\">a\u00f1os. Fue estudiante de profesorado de educaci\u00f3n musical en el IPA\u00a0<\/span><span lang=\"ES\">y<\/span> <span lang=\"ES\">d<\/span><span lang=\"ES\">e<\/span> <span lang=\"ES\">a<\/span><span lang=\"ES\">r<\/span><span lang=\"ES\">t<\/span><span lang=\"ES\">e<\/span> dram\u00e1tico\u00a0<span lang=\"ES\">en<\/span>\u00a0<span lang=\"ES\">I<\/span><span lang=\"ES\">M<\/span><span lang=\"ES\">A<\/span><span lang=\"ES\">D<\/span><span lang=\"ES\">.<\/span><\/p>\n<p class=\"gmail-MsoBodyText\">Dirige <span lang=\"ES\">c<\/span><span lang=\"ES\">o<\/span><span lang=\"ES\">r<\/span><span lang=\"ES\">o<\/span><span lang=\"ES\">s<\/span> <span lang=\"ES\">p<\/span><span lang=\"ES\">olif\u00f3nicos infantiles y adultos <\/span><span lang=\"ES\">d<\/span><span lang=\"ES\">e<\/span><span lang=\"ES\">s<\/span><span lang=\"ES\">d<\/span><span lang=\"ES\">e<\/span> 2015<span lang=\"ES\">.<\/span> <span lang=\"ES\">D<\/span><span lang=\"ES\">e<\/span><span lang=\"ES\">s<\/span><span lang=\"ES\">d<\/span><span lang=\"ES\">e 2<\/span><span lang=\"ES\">0<\/span><span lang=\"ES\">1<\/span><span lang=\"ES\">1<\/span> <span lang=\"ES\">s<\/span><span lang=\"ES\">e<\/span> <span lang=\"ES\">a<\/span><span lang=\"ES\">b<\/span><span lang=\"ES\">o<\/span><span lang=\"ES\">c<\/span><span lang=\"ES\">a<\/span> <span lang=\"ES\">al tango cantando acompa\u00f1ada de la mayor\u00eda de los m\u00fasicos destacados del m\u00e9dio uruguayo.\u00a0<\/span><\/p>\n<p class=\"gmail-MsoBodyText\">Participo <span lang=\"ES\">d<\/span><span lang=\"ES\">e<\/span> <span lang=\"ES\">p<\/span><span lang=\"ES\">r<\/span><span lang=\"ES\">o<\/span><span lang=\"ES\">y<\/span><span lang=\"ES\">e<\/span><span lang=\"ES\">c<\/span><span lang=\"ES\">t<\/span><span lang=\"ES\">o<\/span><span lang=\"ES\">s<\/span> <span lang=\"ES\">c<\/span><span lang=\"ES\">o<\/span><span lang=\"ES\">m<\/span><span lang=\"ES\">o<\/span> <span lang=\"ES\">O<\/span><span lang=\"ES\">r<\/span><span lang=\"ES\">q<\/span><span lang=\"ES\">u<\/span><span lang=\"ES\">e<\/span><span lang=\"ES\">s<\/span><span lang=\"ES\">t<\/span><span lang=\"ES\">a<\/span> Escuela <span lang=\"ES\">D<\/span><span lang=\"ES\">e<\/span><span lang=\"ES\">s<\/span><span lang=\"ES\">t<\/span><span lang=\"ES\">a<\/span><span lang=\"ES\">o<\/span><span lang=\"ES\">ri<\/span><span lang=\"ES\">y<\/span><span lang=\"ES\">a<\/span> <span lang=\"ES\">y<\/span> Tr\u00edo<span lang=\"ES\">\u00a0<\/span><span lang=\"ES\">S\u00edn Palabras, grabando eu las producciones discogr\u00e1ficas de ambas formaciones. Es la voz en el grupo Juana y Los Heladeros del Tango.\u00a0<\/span><\/p>\n<\/div>\n<p><span lang=\"ES\">\u00a0<\/span><\/p>\n<p class=\"gmail-MsoBodyText\"><span lang=\"ES\">\u00a0<\/span><\/p>\n<p>Para participar debes rellenar el formul\u00e1rio<\/p>\n<p><iframe loading=\"lazy\" src=\"https:\/\/docs.google.com\/forms\/d\/e\/1FAIpQLSeOviMU_00DPDKcxHJz9rHfCI2AKO-5dxyqtlYknfVQqXv1AA\/viewform?embedded=true\" width=\"500\" height=\"1089\" frameborder=\"0\" marginwidth=\"0\" marginheight=\"0\">Cargando\u2026<\/iframe><\/p>\n<p>&nbsp;<\/p>\n<p>&nbsp;<\/p>\n<p>SOBRE EL CONCURSO<\/p>\n<p><span style=\"font-weight: 400;\">En el marco de Rivera Brilla 2019, el concurso J\u00f3venes M\u00fasicos de la Frontera convoca a j\u00f3venes m\u00fasicos, entre 16 y 29 a\u00f1os,\u00a0 que tengan inter\u00e9s en capacitarse y participar de una selecci\u00f3n para tocar el el escenario del Rivera Brilla 2019. El objetivo de este concurso es brindar herramientas para que j\u00f3venes m\u00fasicos puedan mejorar sus habilidades art\u00edsticas y fortalecer la cultura local.\u00a0<\/span><\/p>\n","protected":false},"excerpt":{"rendered":"<p>EL concurso\u00a0 JOVENES M\u00daSICOS DE LA FRONTERA ofrece un programa de capacitaciones compuesto por Talleres de Sonorizaci\u00f3n, Fotograf\u00eda, Producci\u00f3n y Marketing Cultural y Performance musical. Los talleres ocurrir\u00e1n en noviembre y diciembre de 2019, abierto a todos los m\u00fasicos de la frontera, mediante inscripci\u00f3n. El primer taller ocurre el pr\u00f3ximo 7 de noviembre, a partir [&hellip;]<\/p>\n","protected":false},"author":2,"featured_media":5260,"comment_status":"open","ping_status":"open","sticky":false,"template":"","format":"standard","meta":{"footnotes":""},"categories":[8,1],"tags":[128],"_links":{"self":[{"href":"https:\/\/www.rivera.gub.uy\/social\/wp-json\/wp\/v2\/posts\/5257"}],"collection":[{"href":"https:\/\/www.rivera.gub.uy\/social\/wp-json\/wp\/v2\/posts"}],"about":[{"href":"https:\/\/www.rivera.gub.uy\/social\/wp-json\/wp\/v2\/types\/post"}],"author":[{"embeddable":true,"href":"https:\/\/www.rivera.gub.uy\/social\/wp-json\/wp\/v2\/users\/2"}],"replies":[{"embeddable":true,"href":"https:\/\/www.rivera.gub.uy\/social\/wp-json\/wp\/v2\/comments?post=5257"}],"version-history":[{"count":5,"href":"https:\/\/www.rivera.gub.uy\/social\/wp-json\/wp\/v2\/posts\/5257\/revisions"}],"predecessor-version":[{"id":5263,"href":"https:\/\/www.rivera.gub.uy\/social\/wp-json\/wp\/v2\/posts\/5257\/revisions\/5263"}],"wp:featuredmedia":[{"embeddable":true,"href":"https:\/\/www.rivera.gub.uy\/social\/wp-json\/wp\/v2\/media\/5260"}],"wp:attachment":[{"href":"https:\/\/www.rivera.gub.uy\/social\/wp-json\/wp\/v2\/media?parent=5257"}],"wp:term":[{"taxonomy":"category","embeddable":true,"href":"https:\/\/www.rivera.gub.uy\/social\/wp-json\/wp\/v2\/categories?post=5257"},{"taxonomy":"post_tag","embeddable":true,"href":"https:\/\/www.rivera.gub.uy\/social\/wp-json\/wp\/v2\/tags?post=5257"}],"curies":[{"name":"wp","href":"https:\/\/api.w.org\/{rel}","templated":true}]}}