{"id":5274,"date":"2019-11-05T18:31:04","date_gmt":"2019-11-05T18:31:04","guid":{"rendered":"https:\/\/www.rivera.gub.uy\/social\/?p=5274"},"modified":"2019-11-05T18:31:04","modified_gmt":"2019-11-05T18:31:04","slug":"inscripciones-al-taller-produccion-cultural","status":"publish","type":"post","link":"https:\/\/www.rivera.gub.uy\/social\/inscripciones-al-taller-produccion-cultural\/","title":{"rendered":"Inscripciones al Taller \u00abPRODUCCI\u00d3N CULTURAL\u00bb"},"content":{"rendered":"<p>EL concurso\u00a0 JOVENES M\u00daSICOS DE LA FRONTERA ofrece un programa de capacitaciones compuesto por Talleres de Sonorizaci\u00f3n, Fotograf\u00eda, Producci\u00f3n y Marketing Cultural y Performance musical. Los talleres ocurrir\u00e1n en noviembre y diciembre de 2019, abierto a todos los m\u00fasicos de la frontera, mediante inscripci\u00f3n.<\/p>\n<p>El\u00a0 pr\u00f3ximo LUNES 18 de noviembre, a partir de las 18:30, ocurre\u00a0 Taller \u00abPRODUCCI\u00d3N CULTURAL\u00bb y ser\u00e1 facilitado por la productora cultural Ang\u00e9lica Segu\u00ed.<\/p>\n<p>Temas que ser\u00e1n abordados:<\/p>\n<p>1.- La Producci\u00f3n Cultural como herramienta de desarrollo.<\/p>\n<p>2.- Proceso de Producci\u00f3n .<\/p>\n<p>3.- Dossier de artista, rider de sonido y luz, presupuestos<\/p>\n<p>4.- Participaci\u00f3n de Festivales y postulaci\u00f3n a fondos de financiamiento.<\/p>\n<p><strong>Dirigido a: M\u00fasicos, productores, estudiantes y artistas con inter\u00e9s en el desarrollo progresivo de sus proyectos personales o colectivos. <\/strong><\/p>\n<p class=\"_2bZs5FGitKbReTGm_P5_bY direction-ltr align-justify para-style-body\"><strong>Ang\u00e9lica Segu\u00ed<\/strong> es Licenciada en Comunicaci\u00f3n (PUCRS, Porto Alegre, Brasil) y productora cultural independiente. Doble chapa, en 2002 migr\u00f3 hacia Brasil donde trabaj\u00f3 en la producci\u00f3n y direcci\u00f3n de programas de televisi\u00f3n en el Grupo RBS\/Globo. En sus \u00faltimos 20 a\u00f1os de trabajo tuvo la oportunidad de trabajar por diversas empresas en el mercado brasile\u00f1o como: Zeppelin Filmes, Terra Networks, L &amp; PM Editores, Fundaci\u00f3n Bienal del Mercosur, Prefeitura de Canoas, Agencia Digital Grup, Gobierno del Estado de Maranh\u00e3o, entre otras.<\/p>\n<p class=\"_2bZs5FGitKbReTGm_P5_bY direction-ltr align-justify para-style-body\">En 2017 gan\u00f3 el Premio Emprendedor Cultural, de la empresa de energ\u00eda RGE, por el proyecto Frontera Creativa que promueve la difusi\u00f3n de creativos nacidos en la frontera y la capacitaci\u00f3n de nuevos agentes culturales en Livramento. Desde 2016 es gestora de proyectos de la Alianza Francesa de Porto Alegre y Goethe Institut Porto Alegre. Es emprendedora en Muga Cultural.<\/p>\n<p>&nbsp;<\/p>\n","protected":false},"excerpt":{"rendered":"<p>EL concurso\u00a0 JOVENES M\u00daSICOS DE LA FRONTERA ofrece un programa de capacitaciones compuesto por Talleres de Sonorizaci\u00f3n, Fotograf\u00eda, Producci\u00f3n y Marketing Cultural y Performance musical. Los talleres ocurrir\u00e1n en noviembre y diciembre de 2019, abierto a todos los m\u00fasicos de la frontera, mediante inscripci\u00f3n. El\u00a0 pr\u00f3ximo LUNES 18 de noviembre, a partir de las 18:30, [&hellip;]<\/p>\n","protected":false},"author":2,"featured_media":5275,"comment_status":"open","ping_status":"open","sticky":false,"template":"","format":"standard","meta":{"footnotes":""},"categories":[1,7],"tags":[128],"_links":{"self":[{"href":"https:\/\/www.rivera.gub.uy\/social\/wp-json\/wp\/v2\/posts\/5274"}],"collection":[{"href":"https:\/\/www.rivera.gub.uy\/social\/wp-json\/wp\/v2\/posts"}],"about":[{"href":"https:\/\/www.rivera.gub.uy\/social\/wp-json\/wp\/v2\/types\/post"}],"author":[{"embeddable":true,"href":"https:\/\/www.rivera.gub.uy\/social\/wp-json\/wp\/v2\/users\/2"}],"replies":[{"embeddable":true,"href":"https:\/\/www.rivera.gub.uy\/social\/wp-json\/wp\/v2\/comments?post=5274"}],"version-history":[{"count":1,"href":"https:\/\/www.rivera.gub.uy\/social\/wp-json\/wp\/v2\/posts\/5274\/revisions"}],"predecessor-version":[{"id":5276,"href":"https:\/\/www.rivera.gub.uy\/social\/wp-json\/wp\/v2\/posts\/5274\/revisions\/5276"}],"wp:featuredmedia":[{"embeddable":true,"href":"https:\/\/www.rivera.gub.uy\/social\/wp-json\/wp\/v2\/media\/5275"}],"wp:attachment":[{"href":"https:\/\/www.rivera.gub.uy\/social\/wp-json\/wp\/v2\/media?parent=5274"}],"wp:term":[{"taxonomy":"category","embeddable":true,"href":"https:\/\/www.rivera.gub.uy\/social\/wp-json\/wp\/v2\/categories?post=5274"},{"taxonomy":"post_tag","embeddable":true,"href":"https:\/\/www.rivera.gub.uy\/social\/wp-json\/wp\/v2\/tags?post=5274"}],"curies":[{"name":"wp","href":"https:\/\/api.w.org\/{rel}","templated":true}]}}