{"id":5507,"date":"2020-07-13T14:59:10","date_gmt":"2020-07-13T14:59:10","guid":{"rendered":"https:\/\/www.rivera.gub.uy\/social\/?p=5507"},"modified":"2020-07-13T15:56:29","modified_gmt":"2020-07-13T15:56:29","slug":"turismo-responsable","status":"publish","type":"post","link":"https:\/\/www.rivera.gub.uy\/social\/turismo-responsable\/","title":{"rendered":"Turismo Responsable"},"content":{"rendered":"<p>Se efectu\u00f3 la reuni\u00f3n presencial en el Ministerio de Turismo, con la finalidad de aplicar los protocolos aprobados para hospedajes y gastronom\u00eda, el pasado 8 de julio.<\/p>\n<p>Al evento concurrieron los directores de turismo a nivel nacional, el ministro de Turismo, German Cardoso, el Director General de Secretaria, Ignacio Curbelo, y el Director Nacional de Turismo, Mart\u00edn P\u00e9rez.<!--more--><\/p>\n<p>Durante la jornada, se trataron temas como la aplicaci\u00f3n del protocolo recientemente aprobado para hospedajes y gastronom\u00eda, exposici\u00f3n de cada Director Departamental y la campa\u00f1a de reactivaci\u00f3n tur\u00edstica impulsada por MINTUR, con el apoyo de las Intendencias por medio de cada Direcciones de Turismo.<\/p>\n<p>Entre las exposiciones presentadas, se abordaron temas como la necesidad de definir los protocolos para empresas de transporte tur\u00edstico y turismo rural.<\/p>\n<p>Para la aplicaci\u00f3n del plan de reactivaci\u00f3n del turismo interno, MINTUR hizo entrega a cada Director de Turismo los adhesivos que exhibir\u00e1 cada operador por cumplir con los protocolos.<\/p>\n<p>&nbsp;<\/p>\n<div id='gallery-1' class='gallery galleryid-5507 gallery-columns-2 gallery-size-medium'><figure class='gallery-item'>\n\t\t\t<div class='gallery-icon landscape'>\n\t\t\t\t<a href='https:\/\/www.rivera.gub.uy\/social\/wp-content\/uploads\/2020\/07\/WhatsApp-Image-2020-07-13-at-11.29.51-AM.jpeg'><img loading=\"lazy\" decoding=\"async\" width=\"300\" height=\"151\" src=\"https:\/\/www.rivera.gub.uy\/social\/wp-content\/uploads\/2020\/07\/WhatsApp-Image-2020-07-13-at-11.29.51-AM-300x151.jpeg\" class=\"attachment-medium size-medium\" alt=\"\" srcset=\"https:\/\/www.rivera.gub.uy\/social\/wp-content\/uploads\/2020\/07\/WhatsApp-Image-2020-07-13-at-11.29.51-AM-300x151.jpeg 300w, https:\/\/www.rivera.gub.uy\/social\/wp-content\/uploads\/2020\/07\/WhatsApp-Image-2020-07-13-at-11.29.51-AM-768x385.jpeg 768w, https:\/\/www.rivera.gub.uy\/social\/wp-content\/uploads\/2020\/07\/WhatsApp-Image-2020-07-13-at-11.29.51-AM-820x411.jpeg 820w, https:\/\/www.rivera.gub.uy\/social\/wp-content\/uploads\/2020\/07\/WhatsApp-Image-2020-07-13-at-11.29.51-AM.jpeg 843w\" sizes=\"(max-width: 300px) 100vw, 300px\" \/><\/a>\n\t\t\t<\/div><\/figure><figure class='gallery-item'>\n\t\t\t<div class='gallery-icon landscape'>\n\t\t\t\t<a href='https:\/\/www.rivera.gub.uy\/social\/wp-content\/uploads\/2020\/07\/WhatsApp-Image-2020-07-13-at-11.29.51-AM-1.jpeg'><img loading=\"lazy\" decoding=\"async\" width=\"300\" height=\"142\" src=\"https:\/\/www.rivera.gub.uy\/social\/wp-content\/uploads\/2020\/07\/WhatsApp-Image-2020-07-13-at-11.29.51-AM-1-300x142.jpeg\" class=\"attachment-medium size-medium\" alt=\"\" srcset=\"https:\/\/www.rivera.gub.uy\/social\/wp-content\/uploads\/2020\/07\/WhatsApp-Image-2020-07-13-at-11.29.51-AM-1-300x142.jpeg 300w, https:\/\/www.rivera.gub.uy\/social\/wp-content\/uploads\/2020\/07\/WhatsApp-Image-2020-07-13-at-11.29.51-AM-1-1024x484.jpeg 1024w, https:\/\/www.rivera.gub.uy\/social\/wp-content\/uploads\/2020\/07\/WhatsApp-Image-2020-07-13-at-11.29.51-AM-1-768x363.jpeg 768w, https:\/\/www.rivera.gub.uy\/social\/wp-content\/uploads\/2020\/07\/WhatsApp-Image-2020-07-13-at-11.29.51-AM-1-1536x726.jpeg 1536w, https:\/\/www.rivera.gub.uy\/social\/wp-content\/uploads\/2020\/07\/WhatsApp-Image-2020-07-13-at-11.29.51-AM-1-820x387.jpeg 820w, https:\/\/www.rivera.gub.uy\/social\/wp-content\/uploads\/2020\/07\/WhatsApp-Image-2020-07-13-at-11.29.51-AM-1.jpeg 1600w\" sizes=\"(max-width: 300px) 100vw, 300px\" \/><\/a>\n\t\t\t<\/div><\/figure>\n\t\t<\/div>\n\n<p>&nbsp;<\/p>\n","protected":false},"excerpt":{"rendered":"<p>Se efectu\u00f3 la reuni\u00f3n presencial en el Ministerio de Turismo, con la finalidad de aplicar los protocolos aprobados para hospedajes y gastronom\u00eda, el pasado 8 de julio. Al evento concurrieron los directores de turismo a nivel nacional, el ministro de Turismo, German Cardoso, el Director General de Secretaria, Ignacio Curbelo, y el Director Nacional de [&hellip;]<\/p>\n","protected":false},"author":2,"featured_media":5513,"comment_status":"open","ping_status":"open","sticky":false,"template":"","format":"standard","meta":{"footnotes":""},"categories":[1,7,9],"tags":[38,178,17,159],"_links":{"self":[{"href":"https:\/\/www.rivera.gub.uy\/social\/wp-json\/wp\/v2\/posts\/5507"}],"collection":[{"href":"https:\/\/www.rivera.gub.uy\/social\/wp-json\/wp\/v2\/posts"}],"about":[{"href":"https:\/\/www.rivera.gub.uy\/social\/wp-json\/wp\/v2\/types\/post"}],"author":[{"embeddable":true,"href":"https:\/\/www.rivera.gub.uy\/social\/wp-json\/wp\/v2\/users\/2"}],"replies":[{"embeddable":true,"href":"https:\/\/www.rivera.gub.uy\/social\/wp-json\/wp\/v2\/comments?post=5507"}],"version-history":[{"count":6,"href":"https:\/\/www.rivera.gub.uy\/social\/wp-json\/wp\/v2\/posts\/5507\/revisions"}],"predecessor-version":[{"id":5515,"href":"https:\/\/www.rivera.gub.uy\/social\/wp-json\/wp\/v2\/posts\/5507\/revisions\/5515"}],"wp:featuredmedia":[{"embeddable":true,"href":"https:\/\/www.rivera.gub.uy\/social\/wp-json\/wp\/v2\/media\/5513"}],"wp:attachment":[{"href":"https:\/\/www.rivera.gub.uy\/social\/wp-json\/wp\/v2\/media?parent=5507"}],"wp:term":[{"taxonomy":"category","embeddable":true,"href":"https:\/\/www.rivera.gub.uy\/social\/wp-json\/wp\/v2\/categories?post=5507"},{"taxonomy":"post_tag","embeddable":true,"href":"https:\/\/www.rivera.gub.uy\/social\/wp-json\/wp\/v2\/tags?post=5507"}],"curies":[{"name":"wp","href":"https:\/\/api.w.org\/{rel}","templated":true}]}}