{"id":5516,"date":"2020-07-13T15:48:33","date_gmt":"2020-07-13T15:48:33","guid":{"rendered":"https:\/\/www.rivera.gub.uy\/social\/?p=5516"},"modified":"2020-08-03T16:05:30","modified_gmt":"2020-08-03T16:05:30","slug":"participa-de-actividades-culturales-a-traves-de-plataformas-digitales","status":"publish","type":"post","link":"https:\/\/www.rivera.gub.uy\/social\/participa-de-actividades-culturales-a-traves-de-plataformas-digitales\/","title":{"rendered":"Particip\u00e1 de actividades culturales, a trav\u00e9s de plataformas digitales"},"content":{"rendered":"<p>Divisi\u00f3n Cultura de la IDR, reanuda las actividades realizadas por la oficina del Adulto Mayor.<\/p>\n<p>A partir del lunes 13 de julio, varias actividades como la danza y la literatura para adultos mayores volver\u00e1n a realizarse, pero esta vez, a trav\u00e9s de la plataforma Zoom y la red social Facebook.<\/p>\n<p><!--more--><\/p>\n<p>Los d\u00edas lunes y jueves, a las 16 y a las 17 horas, a trav\u00e9s de Zoom, tendr\u00e1n lugar los ensayos del grupo de danza Mariamol, a cargo del profesor\u00a0 Manuel Fern\u00e1ndez (Contacto: <a href=\"tel:+59896710954\">096 710 954<\/a>) .<\/p>\n<p>El profesor Henry Rodr\u00edguez realizar\u00e1 clases de Ritmo abiertas, los d\u00edas Martes, Jueves y S\u00e1bados, a partir de las 19:00 horas, a trav\u00e9s de Facebook (<a href=\"https:\/\/www.facebook.com\/henry.rodriguez.54772728\">click aqu\u00ed<\/a>).<\/p>\n<p>Los viernes, a las 19:30 horas, tendr\u00e1 lugar el Taller Literario a trav\u00e9s de Zoom, a cargo del profesor Raphael Ficher (Contacto: <a href=\"tel:+59892395153\">092 395 153<\/a>).<\/p>\n<p>Quienes quieran participar y presenciar las actividades, deber\u00e1n contactarse previamente con los profesores.<\/p>\n<p>&nbsp;<\/p>\n<div id='gallery-1' class='gallery galleryid-5516 gallery-columns-3 gallery-size-medium'><figure class='gallery-item'>\n\t\t\t<div class='gallery-icon landscape'>\n\t\t\t\t<a href='https:\/\/www.rivera.gub.uy\/social\/wp-content\/uploads\/2020\/07\/WhatsApp-Image-2020-07-13-at-10.53.54-AM-1.jpeg'><img loading=\"lazy\" decoding=\"async\" width=\"300\" height=\"163\" src=\"https:\/\/www.rivera.gub.uy\/social\/wp-content\/uploads\/2020\/07\/WhatsApp-Image-2020-07-13-at-10.53.54-AM-1-300x163.jpeg\" class=\"attachment-medium size-medium\" alt=\"\" srcset=\"https:\/\/www.rivera.gub.uy\/social\/wp-content\/uploads\/2020\/07\/WhatsApp-Image-2020-07-13-at-10.53.54-AM-1-300x163.jpeg 300w, https:\/\/www.rivera.gub.uy\/social\/wp-content\/uploads\/2020\/07\/WhatsApp-Image-2020-07-13-at-10.53.54-AM-1-768x416.jpeg 768w, https:\/\/www.rivera.gub.uy\/social\/wp-content\/uploads\/2020\/07\/WhatsApp-Image-2020-07-13-at-10.53.54-AM-1-820x444.jpeg 820w, https:\/\/www.rivera.gub.uy\/social\/wp-content\/uploads\/2020\/07\/WhatsApp-Image-2020-07-13-at-10.53.54-AM-1.jpeg 928w\" sizes=\"(max-width: 300px) 100vw, 300px\" \/><\/a>\n\t\t\t<\/div><\/figure><figure class='gallery-item'>\n\t\t\t<div class='gallery-icon landscape'>\n\t\t\t\t<a href='https:\/\/www.rivera.gub.uy\/social\/wp-content\/uploads\/2020\/07\/WhatsApp-Image-2020-07-13-at-10.53.54-AM-2.jpeg'><img loading=\"lazy\" decoding=\"async\" width=\"300\" height=\"225\" src=\"https:\/\/www.rivera.gub.uy\/social\/wp-content\/uploads\/2020\/07\/WhatsApp-Image-2020-07-13-at-10.53.54-AM-2-300x225.jpeg\" class=\"attachment-medium size-medium\" alt=\"\" srcset=\"https:\/\/www.rivera.gub.uy\/social\/wp-content\/uploads\/2020\/07\/WhatsApp-Image-2020-07-13-at-10.53.54-AM-2-300x225.jpeg 300w, https:\/\/www.rivera.gub.uy\/social\/wp-content\/uploads\/2020\/07\/WhatsApp-Image-2020-07-13-at-10.53.54-AM-2-768x576.jpeg 768w, https:\/\/www.rivera.gub.uy\/social\/wp-content\/uploads\/2020\/07\/WhatsApp-Image-2020-07-13-at-10.53.54-AM-2-820x615.jpeg 820w, https:\/\/www.rivera.gub.uy\/social\/wp-content\/uploads\/2020\/07\/WhatsApp-Image-2020-07-13-at-10.53.54-AM-2.jpeg 960w\" sizes=\"(max-width: 300px) 100vw, 300px\" \/><\/a>\n\t\t\t<\/div><\/figure><figure class='gallery-item'>\n\t\t\t<div class='gallery-icon landscape'>\n\t\t\t\t<a href='https:\/\/www.rivera.gub.uy\/social\/wp-content\/uploads\/2020\/07\/adulto-mayor1.jpg'><img loading=\"lazy\" decoding=\"async\" width=\"300\" height=\"225\" src=\"https:\/\/www.rivera.gub.uy\/social\/wp-content\/uploads\/2020\/07\/adulto-mayor1-300x225.jpg\" class=\"attachment-medium size-medium\" alt=\"\" srcset=\"https:\/\/www.rivera.gub.uy\/social\/wp-content\/uploads\/2020\/07\/adulto-mayor1-300x225.jpg 300w, https:\/\/www.rivera.gub.uy\/social\/wp-content\/uploads\/2020\/07\/adulto-mayor1-768x576.jpg 768w, https:\/\/www.rivera.gub.uy\/social\/wp-content\/uploads\/2020\/07\/adulto-mayor1-820x615.jpg 820w, https:\/\/www.rivera.gub.uy\/social\/wp-content\/uploads\/2020\/07\/adulto-mayor1.jpg 960w\" sizes=\"(max-width: 300px) 100vw, 300px\" \/><\/a>\n\t\t\t<\/div><\/figure>\n\t\t<\/div>\n\n","protected":false},"excerpt":{"rendered":"<p>Divisi\u00f3n Cultura de la IDR, reanuda las actividades realizadas por la oficina del Adulto Mayor. A partir del lunes 13 de julio, varias actividades como la danza y la literatura para adultos mayores volver\u00e1n a realizarse, pero esta vez, a trav\u00e9s de la plataforma Zoom y la red social Facebook.<\/p>\n","protected":false},"author":2,"featured_media":5593,"comment_status":"open","ping_status":"open","sticky":false,"template":"","format":"standard","meta":{"footnotes":""},"categories":[8,1],"tags":[304,58,300,38,303,17],"_links":{"self":[{"href":"https:\/\/www.rivera.gub.uy\/social\/wp-json\/wp\/v2\/posts\/5516"}],"collection":[{"href":"https:\/\/www.rivera.gub.uy\/social\/wp-json\/wp\/v2\/posts"}],"about":[{"href":"https:\/\/www.rivera.gub.uy\/social\/wp-json\/wp\/v2\/types\/post"}],"author":[{"embeddable":true,"href":"https:\/\/www.rivera.gub.uy\/social\/wp-json\/wp\/v2\/users\/2"}],"replies":[{"embeddable":true,"href":"https:\/\/www.rivera.gub.uy\/social\/wp-json\/wp\/v2\/comments?post=5516"}],"version-history":[{"count":6,"href":"https:\/\/www.rivera.gub.uy\/social\/wp-json\/wp\/v2\/posts\/5516\/revisions"}],"predecessor-version":[{"id":5594,"href":"https:\/\/www.rivera.gub.uy\/social\/wp-json\/wp\/v2\/posts\/5516\/revisions\/5594"}],"wp:featuredmedia":[{"embeddable":true,"href":"https:\/\/www.rivera.gub.uy\/social\/wp-json\/wp\/v2\/media\/5593"}],"wp:attachment":[{"href":"https:\/\/www.rivera.gub.uy\/social\/wp-json\/wp\/v2\/media?parent=5516"}],"wp:term":[{"taxonomy":"category","embeddable":true,"href":"https:\/\/www.rivera.gub.uy\/social\/wp-json\/wp\/v2\/categories?post=5516"},{"taxonomy":"post_tag","embeddable":true,"href":"https:\/\/www.rivera.gub.uy\/social\/wp-json\/wp\/v2\/tags?post=5516"}],"curies":[{"name":"wp","href":"https:\/\/api.w.org\/{rel}","templated":true}]}}