{"id":5555,"date":"2020-07-20T14:08:18","date_gmt":"2020-07-20T14:08:18","guid":{"rendered":"https:\/\/www.rivera.gub.uy\/social\/?p=5555"},"modified":"2020-07-20T16:37:22","modified_gmt":"2020-07-20T16:37:22","slug":"diplomados-licencia-a-aptos-a-dirigir-a-nivel-nacional-en-el-futbol-riverense","status":"publish","type":"post","link":"https:\/\/www.rivera.gub.uy\/social\/diplomados-licencia-a-aptos-a-dirigir-a-nivel-nacional-en-el-futbol-riverense\/","title":{"rendered":"Diplomados \u00abLicencia A\u00bb, aptos a dirigir a nivel nacional, en el f\u00fatbol riverense"},"content":{"rendered":"<p>Veintitr\u00e9s directores t\u00e9cnicos riverenses finalizaron el curso \u00abEntrenadores de OFI de Rivera\u00bb y recibieron su respectivo diploma Licencia A.<\/p>\n<p>El acto se llev\u00f3 a cabo el pasado martes, en las dependencias de la Escuela T\u00e9cnica de Rivera, con la presencia del Director de la Divisi\u00f3n Deportes de la Intendencia Departamental de Rivera, Prof. Horacio Hern\u00e1ndez, el Director de la Escuela T\u00e9cnica, Prof. Luis Gonz\u00e1lez y el Presidente de la Liga Departamental de F\u00fatbol, Javier Pons. Part\u00edcipes de la parte oratoria junto al Prof. Nolberto Flores, qui\u00e9n represent\u00f3 a los docentes que dictaron el curso.<!--more--><\/p>\n<p>Debemos destacar la labor de Carlos Enrique Wallace siendo mentor, desde la Divisi\u00f3n Deportes, anticip\u00e1ndose a lo que se vendr\u00eda, ya que OFI ha anunciado que se exigir\u00e1 la acreditaci\u00f3n que habilita el ingreso y permanencia en el \u00e1rea t\u00e9cnica, a partir de setiembre de este a\u00f1o, con car\u00e1cter obligatorio para todas las ligas y clubes afiliados.<\/p>\n<p>Los diplomados son:<\/p>\n<p>Paulo C. Vieira, Walter Cruz, Stefan da Silva, Luciano de Le\u00f3n, Pablo Y. Fag\u00fandez, Jorge G. Fag\u00fandez, Leonardo R. Grosso, Enrique F. Machado, Eduardo M. Nizarala, Kenny F. N\u00fa\u00f1ez, Pablo A. Olaizola, Emilio V. Olivera, Gonzalo N. Picanzo, Richard Quintanilla, Petter G. Rocha, Sebasti\u00e1n Rosano, Jorge H. Santos, Gabriel E. Segui, Cosme R. Fontes, Clodorenato Silva, Darwin L. Silva, Jim Tan y Gabriel F. Villalba.<\/p>\n<p>El deporte riverense firme en su camino de actualizar conocimientos a trav\u00e9s de constantes capacitaciones, con el apoyo de la Direcci\u00f3n General de Promoci\u00f3n y Acci\u00f3n Social de la Intendencia Departamental de Rivera, a trav\u00e9s de su Divisi\u00f3n Deportes, junto a los Amigos del Deporte de Rivera.<\/p>\n<p>&nbsp;<\/p>\n<div id='gallery-1' class='gallery galleryid-5555 gallery-columns-3 gallery-size-thumbnail'><figure class='gallery-item'>\n\t\t\t<div class='gallery-icon landscape'>\n\t\t\t\t<a href='https:\/\/www.rivera.gub.uy\/social\/wp-content\/uploads\/2020\/07\/WhatsApp-Image-2020-07-20-at-10.34.05-AM.jpeg'><img loading=\"lazy\" decoding=\"async\" width=\"150\" height=\"150\" src=\"https:\/\/www.rivera.gub.uy\/social\/wp-content\/uploads\/2020\/07\/WhatsApp-Image-2020-07-20-at-10.34.05-AM-150x150.jpeg\" class=\"attachment-thumbnail size-thumbnail\" alt=\"\" \/><\/a>\n\t\t\t<\/div><\/figure><figure class='gallery-item'>\n\t\t\t<div class='gallery-icon landscape'>\n\t\t\t\t<a href='https:\/\/www.rivera.gub.uy\/social\/wp-content\/uploads\/2020\/07\/WhatsApp-Image-2020-07-20-at-10.34.04-AM.jpeg'><img loading=\"lazy\" decoding=\"async\" width=\"150\" height=\"150\" src=\"https:\/\/www.rivera.gub.uy\/social\/wp-content\/uploads\/2020\/07\/WhatsApp-Image-2020-07-20-at-10.34.04-AM-150x150.jpeg\" class=\"attachment-thumbnail size-thumbnail\" alt=\"\" \/><\/a>\n\t\t\t<\/div><\/figure><figure class='gallery-item'>\n\t\t\t<div class='gallery-icon landscape'>\n\t\t\t\t<a href='https:\/\/www.rivera.gub.uy\/social\/wp-content\/uploads\/2020\/07\/WhatsApp-Image-2020-07-20-at-11.30.43-AM.jpeg'><img loading=\"lazy\" decoding=\"async\" width=\"150\" height=\"150\" src=\"https:\/\/www.rivera.gub.uy\/social\/wp-content\/uploads\/2020\/07\/WhatsApp-Image-2020-07-20-at-11.30.43-AM-150x150.jpeg\" class=\"attachment-thumbnail size-thumbnail\" alt=\"\" \/><\/a>\n\t\t\t<\/div><\/figure>\n\t\t<\/div>\n\n","protected":false},"excerpt":{"rendered":"<p>Veintitr\u00e9s directores t\u00e9cnicos riverenses finalizaron el curso \u00abEntrenadores de OFI de Rivera\u00bb y recibieron su respectivo diploma Licencia A. El acto se llev\u00f3 a cabo el pasado martes, en las dependencias de la Escuela T\u00e9cnica de Rivera, con la presencia del Director de la Divisi\u00f3n Deportes de la Intendencia Departamental de Rivera, Prof. Horacio Hern\u00e1ndez, [&hellip;]<\/p>\n","protected":false},"author":2,"featured_media":5557,"comment_status":"open","ping_status":"open","sticky":false,"template":"","format":"standard","meta":{"footnotes":""},"categories":[5,1],"tags":[62,307,25,17],"_links":{"self":[{"href":"https:\/\/www.rivera.gub.uy\/social\/wp-json\/wp\/v2\/posts\/5555"}],"collection":[{"href":"https:\/\/www.rivera.gub.uy\/social\/wp-json\/wp\/v2\/posts"}],"about":[{"href":"https:\/\/www.rivera.gub.uy\/social\/wp-json\/wp\/v2\/types\/post"}],"author":[{"embeddable":true,"href":"https:\/\/www.rivera.gub.uy\/social\/wp-json\/wp\/v2\/users\/2"}],"replies":[{"embeddable":true,"href":"https:\/\/www.rivera.gub.uy\/social\/wp-json\/wp\/v2\/comments?post=5555"}],"version-history":[{"count":3,"href":"https:\/\/www.rivera.gub.uy\/social\/wp-json\/wp\/v2\/posts\/5555\/revisions"}],"predecessor-version":[{"id":5561,"href":"https:\/\/www.rivera.gub.uy\/social\/wp-json\/wp\/v2\/posts\/5555\/revisions\/5561"}],"wp:featuredmedia":[{"embeddable":true,"href":"https:\/\/www.rivera.gub.uy\/social\/wp-json\/wp\/v2\/media\/5557"}],"wp:attachment":[{"href":"https:\/\/www.rivera.gub.uy\/social\/wp-json\/wp\/v2\/media?parent=5555"}],"wp:term":[{"taxonomy":"category","embeddable":true,"href":"https:\/\/www.rivera.gub.uy\/social\/wp-json\/wp\/v2\/categories?post=5555"},{"taxonomy":"post_tag","embeddable":true,"href":"https:\/\/www.rivera.gub.uy\/social\/wp-json\/wp\/v2\/tags?post=5555"}],"curies":[{"name":"wp","href":"https:\/\/api.w.org\/{rel}","templated":true}]}}