{"id":5566,"date":"2020-07-28T17:14:23","date_gmt":"2020-07-28T17:14:23","guid":{"rendered":"https:\/\/www.rivera.gub.uy\/social\/?p=5566"},"modified":"2020-07-28T17:14:23","modified_gmt":"2020-07-28T17:14:23","slug":"el-centro-de-entrenamiento-de-rivera-mantiene-el-apoyo-gubernamental","status":"publish","type":"post","link":"https:\/\/www.rivera.gub.uy\/social\/el-centro-de-entrenamiento-de-rivera-mantiene-el-apoyo-gubernamental\/","title":{"rendered":"El Centro de Entrenamiento de Rivera mantiene el apoyo gubernamental"},"content":{"rendered":"<p>El Director de la Divisi\u00f3n Deportes, Lic. Horacio Hern\u00e1ndez, acompa\u00f1ado por el Senador Tabar\u00e9 Viera y el Asesor en Marketing Deportivo, Enrique Bello, mantuvo una reuni\u00f3n con el Director Nacional de Arquitectura del Ministerio de Transporte y Obras P\u00fablicas (MTOP), Sr. Santiago Borsari.<!--more--><\/p>\n<p>La tem\u00e1tica principal abord\u00f3 el cumplimiento de las etapas de ensamblaje de la estructura del Centro de Entrenamiento de Rivera y su continuidad. Apostando as\u00ed, a la construcci\u00f3n de estructuras modernas, livianas, dotadas de equipos deportivos de alto rendimiento y de \u00faltima generaci\u00f3n.<\/p>\n<p>Con nuevas infraestructuras que promueven el desarrollo del deporte infantil y juvenil, y mantienen la actividad de las federaciones que llegan a nuestro departamento, permitiendo la mejora en el desempe\u00f1o de las representaciones departamentales.<\/p>\n<p>El deporte nos une y nos convoca a un mejor futuro.<\/p>\n","protected":false},"excerpt":{"rendered":"<p>El Director de la Divisi\u00f3n Deportes, Lic. Horacio Hern\u00e1ndez, acompa\u00f1ado por el Senador Tabar\u00e9 Viera y el Asesor en Marketing Deportivo, Enrique Bello, mantuvo una reuni\u00f3n con el Director Nacional de Arquitectura del Ministerio de Transporte y Obras P\u00fablicas (MTOP), Sr. Santiago Borsari.<\/p>\n","protected":false},"author":2,"featured_media":5568,"comment_status":"open","ping_status":"open","sticky":false,"template":"","format":"standard","meta":{"footnotes":""},"categories":[5,1],"tags":[],"_links":{"self":[{"href":"https:\/\/www.rivera.gub.uy\/social\/wp-json\/wp\/v2\/posts\/5566"}],"collection":[{"href":"https:\/\/www.rivera.gub.uy\/social\/wp-json\/wp\/v2\/posts"}],"about":[{"href":"https:\/\/www.rivera.gub.uy\/social\/wp-json\/wp\/v2\/types\/post"}],"author":[{"embeddable":true,"href":"https:\/\/www.rivera.gub.uy\/social\/wp-json\/wp\/v2\/users\/2"}],"replies":[{"embeddable":true,"href":"https:\/\/www.rivera.gub.uy\/social\/wp-json\/wp\/v2\/comments?post=5566"}],"version-history":[{"count":1,"href":"https:\/\/www.rivera.gub.uy\/social\/wp-json\/wp\/v2\/posts\/5566\/revisions"}],"predecessor-version":[{"id":5567,"href":"https:\/\/www.rivera.gub.uy\/social\/wp-json\/wp\/v2\/posts\/5566\/revisions\/5567"}],"wp:featuredmedia":[{"embeddable":true,"href":"https:\/\/www.rivera.gub.uy\/social\/wp-json\/wp\/v2\/media\/5568"}],"wp:attachment":[{"href":"https:\/\/www.rivera.gub.uy\/social\/wp-json\/wp\/v2\/media?parent=5566"}],"wp:term":[{"taxonomy":"category","embeddable":true,"href":"https:\/\/www.rivera.gub.uy\/social\/wp-json\/wp\/v2\/categories?post=5566"},{"taxonomy":"post_tag","embeddable":true,"href":"https:\/\/www.rivera.gub.uy\/social\/wp-json\/wp\/v2\/tags?post=5566"}],"curies":[{"name":"wp","href":"https:\/\/api.w.org\/{rel}","templated":true}]}}