{"id":5569,"date":"2020-07-28T17:29:26","date_gmt":"2020-07-28T17:29:26","guid":{"rendered":"https:\/\/www.rivera.gub.uy\/social\/?p=5569"},"modified":"2020-07-28T18:05:52","modified_gmt":"2020-07-28T18:05:52","slug":"proponen-incorporar-de-la-inversion-privada-al-desarrollo-del-sistema-deportivo-de-competencia","status":"publish","type":"post","link":"https:\/\/www.rivera.gub.uy\/social\/proponen-incorporar-de-la-inversion-privada-al-desarrollo-del-sistema-deportivo-de-competencia\/","title":{"rendered":"Proponen incorporar la inversi\u00f3n privada al desarrollo del sistema deportivo de competencia"},"content":{"rendered":"<p>La Direcci\u00f3n General de Promoci\u00f3n y Acci\u00f3n Social, a trav\u00e9s de Divisi\u00f3n Deportes, viene realizando nuevas acciones con el fin de lograr mayores beneficios a la sociedad.<\/p>\n<p>El Director de la Divisi\u00f3n Deportes de Rivera, Lic. Horacio Hern\u00e1ndez, junto a representantes de la CIDD, propone ante la Comisi\u00f3n de Proyectos Deportivos (COMPRODE) se incluyan a las comunas algunos beneficios.<!--more--><\/p>\n<p>El Poder Ejecutivo promueve proyectos de mejoras en cuanto a infraestructura, a formaci\u00f3n de los deportistas y beneficios fiscales a instituciones deportivas. Utilizando los beneficios fiscales otorgados a proyectos de inter\u00e9s (Prodep), se pretende incorporar la inversi\u00f3n privada al desarrollo del sistema deportivo de competencia.<\/p>\n<p>El objetivo es promover el desarrollo del deporte infantil y juvenil, la actividad de las federaciones y mejoras en lo que refiere al desempe\u00f1o de las representaciones nacionales.<\/p>\n<p>Las personas f\u00edsicas o jur\u00eddicas que financien los proyectos que resulten promovidos ser\u00e1n categorizadas como patrocinadores, seg\u00fan la figura jur\u00eddica, el modo de difusi\u00f3n p\u00fablica y el proyecto por el que opten al momento de presentar la solicitud, con amplios beneficios fiscales.<\/p>\n<p>Se encaminaron propuestas para que las Intendencias puedan ampararse a ese beneficio, considerando ben\u00e9ficas acciones y programas f\u00edsico-deportivos.<\/p>\n<p>El deporte nos une y nos convoca a un mejor futuro.<\/p>\n","protected":false},"excerpt":{"rendered":"<p>La Direcci\u00f3n General de Promoci\u00f3n y Acci\u00f3n Social, a trav\u00e9s de Divisi\u00f3n Deportes, viene realizando nuevas acciones con el fin de lograr mayores beneficios a la sociedad. El Director de la Divisi\u00f3n Deportes de Rivera, Lic. Horacio Hern\u00e1ndez, junto a representantes de la CIDD, propone ante la Comisi\u00f3n de Proyectos Deportivos (COMPRODE) se incluyan a [&hellip;]<\/p>\n","protected":false},"author":2,"featured_media":5572,"comment_status":"open","ping_status":"open","sticky":false,"template":"","format":"standard","meta":{"footnotes":""},"categories":[5,1],"tags":[],"_links":{"self":[{"href":"https:\/\/www.rivera.gub.uy\/social\/wp-json\/wp\/v2\/posts\/5569"}],"collection":[{"href":"https:\/\/www.rivera.gub.uy\/social\/wp-json\/wp\/v2\/posts"}],"about":[{"href":"https:\/\/www.rivera.gub.uy\/social\/wp-json\/wp\/v2\/types\/post"}],"author":[{"embeddable":true,"href":"https:\/\/www.rivera.gub.uy\/social\/wp-json\/wp\/v2\/users\/2"}],"replies":[{"embeddable":true,"href":"https:\/\/www.rivera.gub.uy\/social\/wp-json\/wp\/v2\/comments?post=5569"}],"version-history":[{"count":4,"href":"https:\/\/www.rivera.gub.uy\/social\/wp-json\/wp\/v2\/posts\/5569\/revisions"}],"predecessor-version":[{"id":5585,"href":"https:\/\/www.rivera.gub.uy\/social\/wp-json\/wp\/v2\/posts\/5569\/revisions\/5585"}],"wp:featuredmedia":[{"embeddable":true,"href":"https:\/\/www.rivera.gub.uy\/social\/wp-json\/wp\/v2\/media\/5572"}],"wp:attachment":[{"href":"https:\/\/www.rivera.gub.uy\/social\/wp-json\/wp\/v2\/media?parent=5569"}],"wp:term":[{"taxonomy":"category","embeddable":true,"href":"https:\/\/www.rivera.gub.uy\/social\/wp-json\/wp\/v2\/categories?post=5569"},{"taxonomy":"post_tag","embeddable":true,"href":"https:\/\/www.rivera.gub.uy\/social\/wp-json\/wp\/v2\/tags?post=5569"}],"curies":[{"name":"wp","href":"https:\/\/api.w.org\/{rel}","templated":true}]}}