{"id":5574,"date":"2020-07-28T17:44:23","date_gmt":"2020-07-28T17:44:23","guid":{"rendered":"https:\/\/www.rivera.gub.uy\/social\/?p=5574"},"modified":"2020-07-28T17:44:23","modified_gmt":"2020-07-28T17:44:23","slug":"la-escuela-de-ladrilleros-distribuye-donaciones-realizadas-por-los-aserraderos-de-rivera","status":"publish","type":"post","link":"https:\/\/www.rivera.gub.uy\/social\/la-escuela-de-ladrilleros-distribuye-donaciones-realizadas-por-los-aserraderos-de-rivera\/","title":{"rendered":"La Escuela de Ladrilleros distribuye donaciones realizadas por los aserraderos de Rivera"},"content":{"rendered":"<p>La DGPAS, a trav\u00e9s de la Escuela de Ladrilleros, a distribuido 2.025 metros c\u00fabicos de aserr\u00edn y 195 metros c\u00fabicos de le\u00f1a, recibidos como donaci\u00f3n por aserraderos de Rivera. <!--more--><br \/>\nTanto el aserr\u00edn como la le\u00f1a, se destinaron a ladrilleros del pueblo de Las Flores y a otros productores ladrilleros ubicados en el entorno perif\u00e9rico de la ciudad.<\/p>\n<p>Dicho material es un desecho transformado en una soluci\u00f3n econ\u00f3mica para los productores.<\/p>\n<div id='gallery-1' class='gallery galleryid-5574 gallery-columns-3 gallery-size-medium'><figure class='gallery-item'>\n\t\t\t<div class='gallery-icon landscape'>\n\t\t\t\t<a href='https:\/\/www.rivera.gub.uy\/social\/wp-content\/uploads\/2020\/07\/WhatsApp-Image-2020-07-28-at-12.06.01-PM.jpeg'><img loading=\"lazy\" decoding=\"async\" width=\"300\" height=\"225\" src=\"https:\/\/www.rivera.gub.uy\/social\/wp-content\/uploads\/2020\/07\/WhatsApp-Image-2020-07-28-at-12.06.01-PM-300x225.jpeg\" class=\"attachment-medium size-medium\" alt=\"\" srcset=\"https:\/\/www.rivera.gub.uy\/social\/wp-content\/uploads\/2020\/07\/WhatsApp-Image-2020-07-28-at-12.06.01-PM-300x225.jpeg 300w, https:\/\/www.rivera.gub.uy\/social\/wp-content\/uploads\/2020\/07\/WhatsApp-Image-2020-07-28-at-12.06.01-PM-768x576.jpeg 768w, https:\/\/www.rivera.gub.uy\/social\/wp-content\/uploads\/2020\/07\/WhatsApp-Image-2020-07-28-at-12.06.01-PM-820x615.jpeg 820w, https:\/\/www.rivera.gub.uy\/social\/wp-content\/uploads\/2020\/07\/WhatsApp-Image-2020-07-28-at-12.06.01-PM.jpeg 960w\" sizes=\"(max-width: 300px) 100vw, 300px\" \/><\/a>\n\t\t\t<\/div><\/figure><figure class='gallery-item'>\n\t\t\t<div class='gallery-icon landscape'>\n\t\t\t\t<a href='https:\/\/www.rivera.gub.uy\/social\/wp-content\/uploads\/2020\/07\/WhatsApp-Image-2020-07-28-at-12.06.02-PM-1.jpeg'><img loading=\"lazy\" decoding=\"async\" width=\"300\" height=\"225\" src=\"https:\/\/www.rivera.gub.uy\/social\/wp-content\/uploads\/2020\/07\/WhatsApp-Image-2020-07-28-at-12.06.02-PM-1-300x225.jpeg\" class=\"attachment-medium size-medium\" alt=\"\" srcset=\"https:\/\/www.rivera.gub.uy\/social\/wp-content\/uploads\/2020\/07\/WhatsApp-Image-2020-07-28-at-12.06.02-PM-1-300x225.jpeg 300w, https:\/\/www.rivera.gub.uy\/social\/wp-content\/uploads\/2020\/07\/WhatsApp-Image-2020-07-28-at-12.06.02-PM-1-768x576.jpeg 768w, https:\/\/www.rivera.gub.uy\/social\/wp-content\/uploads\/2020\/07\/WhatsApp-Image-2020-07-28-at-12.06.02-PM-1-820x615.jpeg 820w, https:\/\/www.rivera.gub.uy\/social\/wp-content\/uploads\/2020\/07\/WhatsApp-Image-2020-07-28-at-12.06.02-PM-1.jpeg 960w\" sizes=\"(max-width: 300px) 100vw, 300px\" \/><\/a>\n\t\t\t<\/div><\/figure><figure class='gallery-item'>\n\t\t\t<div class='gallery-icon landscape'>\n\t\t\t\t<a href='https:\/\/www.rivera.gub.uy\/social\/wp-content\/uploads\/2020\/07\/WhatsApp-Image-2020-07-28-at-12.06.02-PM-2.jpeg'><img loading=\"lazy\" decoding=\"async\" width=\"300\" height=\"225\" src=\"https:\/\/www.rivera.gub.uy\/social\/wp-content\/uploads\/2020\/07\/WhatsApp-Image-2020-07-28-at-12.06.02-PM-2-300x225.jpeg\" class=\"attachment-medium size-medium\" alt=\"\" srcset=\"https:\/\/www.rivera.gub.uy\/social\/wp-content\/uploads\/2020\/07\/WhatsApp-Image-2020-07-28-at-12.06.02-PM-2-300x225.jpeg 300w, https:\/\/www.rivera.gub.uy\/social\/wp-content\/uploads\/2020\/07\/WhatsApp-Image-2020-07-28-at-12.06.02-PM-2-768x576.jpeg 768w, https:\/\/www.rivera.gub.uy\/social\/wp-content\/uploads\/2020\/07\/WhatsApp-Image-2020-07-28-at-12.06.02-PM-2-820x615.jpeg 820w, https:\/\/www.rivera.gub.uy\/social\/wp-content\/uploads\/2020\/07\/WhatsApp-Image-2020-07-28-at-12.06.02-PM-2.jpeg 960w\" sizes=\"(max-width: 300px) 100vw, 300px\" \/><\/a>\n\t\t\t<\/div><\/figure>\n\t\t<\/div>\n\n<p>&nbsp;<\/p>\n","protected":false},"excerpt":{"rendered":"<p>La DGPAS, a trav\u00e9s de la Escuela de Ladrilleros, a distribuido 2.025 metros c\u00fabicos de aserr\u00edn y 195 metros c\u00fabicos de le\u00f1a, recibidos como donaci\u00f3n por aserraderos de Rivera.<\/p>\n","protected":false},"author":2,"featured_media":5577,"comment_status":"open","ping_status":"open","sticky":false,"template":"","format":"standard","meta":{"footnotes":""},"categories":[6,1,7],"tags":[],"_links":{"self":[{"href":"https:\/\/www.rivera.gub.uy\/social\/wp-json\/wp\/v2\/posts\/5574"}],"collection":[{"href":"https:\/\/www.rivera.gub.uy\/social\/wp-json\/wp\/v2\/posts"}],"about":[{"href":"https:\/\/www.rivera.gub.uy\/social\/wp-json\/wp\/v2\/types\/post"}],"author":[{"embeddable":true,"href":"https:\/\/www.rivera.gub.uy\/social\/wp-json\/wp\/v2\/users\/2"}],"replies":[{"embeddable":true,"href":"https:\/\/www.rivera.gub.uy\/social\/wp-json\/wp\/v2\/comments?post=5574"}],"version-history":[{"count":1,"href":"https:\/\/www.rivera.gub.uy\/social\/wp-json\/wp\/v2\/posts\/5574\/revisions"}],"predecessor-version":[{"id":5578,"href":"https:\/\/www.rivera.gub.uy\/social\/wp-json\/wp\/v2\/posts\/5574\/revisions\/5578"}],"wp:featuredmedia":[{"embeddable":true,"href":"https:\/\/www.rivera.gub.uy\/social\/wp-json\/wp\/v2\/media\/5577"}],"wp:attachment":[{"href":"https:\/\/www.rivera.gub.uy\/social\/wp-json\/wp\/v2\/media?parent=5574"}],"wp:term":[{"taxonomy":"category","embeddable":true,"href":"https:\/\/www.rivera.gub.uy\/social\/wp-json\/wp\/v2\/categories?post=5574"},{"taxonomy":"post_tag","embeddable":true,"href":"https:\/\/www.rivera.gub.uy\/social\/wp-json\/wp\/v2\/tags?post=5574"}],"curies":[{"name":"wp","href":"https:\/\/api.w.org\/{rel}","templated":true}]}}