{"id":5595,"date":"2020-08-03T16:39:31","date_gmt":"2020-08-03T16:39:31","guid":{"rendered":"https:\/\/www.rivera.gub.uy\/social\/?p=5595"},"modified":"2020-08-03T16:43:48","modified_gmt":"2020-08-03T16:43:48","slug":"retoman-las-clases-de-remo-en-el-parque-gran-bretana","status":"publish","type":"post","link":"https:\/\/www.rivera.gub.uy\/social\/retoman-las-clases-de-remo-en-el-parque-gran-bretana\/","title":{"rendered":"Retoman las clases de remo en el Parque Gran Breta\u00f1a"},"content":{"rendered":"<p>Con un grupo reducido de alumnos, de la Escuela N\u00b037 de \u00abPuntas del Cu\u00f1apir\u00fa\u00bb, se retoman las clases de remo el pr\u00f3ximo 8 de agosto, de 8:30 a 12:30 horas, en el Parque Gran Breta\u00f1a.<\/p>\n<p>&nbsp;<\/p>\n<p><!--more--><\/p>\n<p>Pr\u00f3ximamente se abrir\u00e1n m\u00e1s cupos para ni\u00f1os y adolescentes.<\/p>\n<p>El deporte nos une y nos convoca a un mejor futuro.<\/p>\n<p>&nbsp;<\/p>\n<p><a href=\"https:\/\/www.rivera.gub.uy\/social\/wp-content\/uploads\/2020\/08\/WhatsApp-Image-2020-08-03-at-11.45.45-AM.jpeg\"><img loading=\"lazy\" decoding=\"async\" class=\"aligncenter wp-image-5596 size-large\" src=\"https:\/\/www.rivera.gub.uy\/social\/wp-content\/uploads\/2020\/08\/WhatsApp-Image-2020-08-03-at-11.45.45-AM-1024x901.jpeg\" alt=\"\" width=\"1024\" height=\"901\" srcset=\"https:\/\/www.rivera.gub.uy\/social\/wp-content\/uploads\/2020\/08\/WhatsApp-Image-2020-08-03-at-11.45.45-AM-1024x901.jpeg 1024w, https:\/\/www.rivera.gub.uy\/social\/wp-content\/uploads\/2020\/08\/WhatsApp-Image-2020-08-03-at-11.45.45-AM-300x264.jpeg 300w, https:\/\/www.rivera.gub.uy\/social\/wp-content\/uploads\/2020\/08\/WhatsApp-Image-2020-08-03-at-11.45.45-AM-768x676.jpeg 768w, https:\/\/www.rivera.gub.uy\/social\/wp-content\/uploads\/2020\/08\/WhatsApp-Image-2020-08-03-at-11.45.45-AM-1536x1352.jpeg 1536w, https:\/\/www.rivera.gub.uy\/social\/wp-content\/uploads\/2020\/08\/WhatsApp-Image-2020-08-03-at-11.45.45-AM-820x722.jpeg 820w, https:\/\/www.rivera.gub.uy\/social\/wp-content\/uploads\/2020\/08\/WhatsApp-Image-2020-08-03-at-11.45.45-AM.jpeg 1600w\" sizes=\"(max-width: 1024px) 100vw, 1024px\" \/><\/a><\/p>\n<p>&nbsp;<\/p>\n<p>&nbsp;<\/p>\n","protected":false},"excerpt":{"rendered":"<p>Con un grupo reducido de alumnos, de la Escuela N\u00b037 de \u00abPuntas del Cu\u00f1apir\u00fa\u00bb, se retoman las clases de remo el pr\u00f3ximo 8 de agosto, de 8:30 a 12:30 horas, en el Parque Gran Breta\u00f1a. &nbsp;<\/p>\n","protected":false},"author":2,"featured_media":5596,"comment_status":"open","ping_status":"open","sticky":false,"template":"","format":"standard","meta":{"footnotes":""},"categories":[5,1],"tags":[12,38,313,312,17],"_links":{"self":[{"href":"https:\/\/www.rivera.gub.uy\/social\/wp-json\/wp\/v2\/posts\/5595"}],"collection":[{"href":"https:\/\/www.rivera.gub.uy\/social\/wp-json\/wp\/v2\/posts"}],"about":[{"href":"https:\/\/www.rivera.gub.uy\/social\/wp-json\/wp\/v2\/types\/post"}],"author":[{"embeddable":true,"href":"https:\/\/www.rivera.gub.uy\/social\/wp-json\/wp\/v2\/users\/2"}],"replies":[{"embeddable":true,"href":"https:\/\/www.rivera.gub.uy\/social\/wp-json\/wp\/v2\/comments?post=5595"}],"version-history":[{"count":3,"href":"https:\/\/www.rivera.gub.uy\/social\/wp-json\/wp\/v2\/posts\/5595\/revisions"}],"predecessor-version":[{"id":5599,"href":"https:\/\/www.rivera.gub.uy\/social\/wp-json\/wp\/v2\/posts\/5595\/revisions\/5599"}],"wp:featuredmedia":[{"embeddable":true,"href":"https:\/\/www.rivera.gub.uy\/social\/wp-json\/wp\/v2\/media\/5596"}],"wp:attachment":[{"href":"https:\/\/www.rivera.gub.uy\/social\/wp-json\/wp\/v2\/media?parent=5595"}],"wp:term":[{"taxonomy":"category","embeddable":true,"href":"https:\/\/www.rivera.gub.uy\/social\/wp-json\/wp\/v2\/categories?post=5595"},{"taxonomy":"post_tag","embeddable":true,"href":"https:\/\/www.rivera.gub.uy\/social\/wp-json\/wp\/v2\/tags?post=5595"}],"curies":[{"name":"wp","href":"https:\/\/api.w.org\/{rel}","templated":true}]}}