{"id":5608,"date":"2020-07-24T13:58:00","date_gmt":"2020-07-24T13:58:00","guid":{"rendered":"https:\/\/www.rivera.gub.uy\/social\/?p=5608"},"modified":"2020-08-05T13:58:13","modified_gmt":"2020-08-05T13:58:13","slug":"ocho-fueron-los-ganadores-del-concurso-virtual-literario-de-microrrelatos","status":"publish","type":"post","link":"https:\/\/www.rivera.gub.uy\/social\/ocho-fueron-los-ganadores-del-concurso-virtual-literario-de-microrrelatos\/","title":{"rendered":"Ocho fueron los ganadores del Concurso Virtual Literario de Microrrelatos"},"content":{"rendered":"<p>La ceremonia de entrega de certificados, se realiz\u00f3 el jueves 23 de julio, a las 19:00 hs, en el sal\u00f3n de actos de la intendencia de Rivera.<\/p>\n<p>Cont\u00f3 con la presencia de la Sra. Intendente Departamental, Alma Galup Migliarini, el director general de Promoci\u00f3n y Acci\u00f3n Social, Cr. Giovani Conti, y el director de Cultura IDR, \u00c1lex \u00c1lvez.<!--more--><span id=\"more-25461\"><\/span><\/p>\n<p>Al terminar la parte oratoria, se entregaron reconocimientos a los integrantes del jurado; que fueron las profesoras e integrantes de la asociaci\u00f3n de escritores de Rivera, Nair Leites, Zulma Oliva y el orientador de Talleres Literarios y escritor, Lic. Raphael Ficher.<\/p>\n<p>En pantalla gigante se pudo apreciar los microrrelatos seleccionados, interpretados por integrantes del elenco de Teatro Joven de la IDR, emocionando a los presentes.<\/p>\n<p>De los 27 microrrelatos recibidos, se premiaron 8, reconociendo 6 lugares, desde el ganador ocupando el primer puesto; pasando al segundo lugar, que fue compartido al igual que el 6to puesto.<\/p>\n<ul>\n<li>1\u00b0 lugar: \u201cLa ni\u00f1a de Yaqui\u201d autor, Ludmila Profumo<\/li>\n<li>2\u00b0 lugar: \u201cGur\u00ed de campa\u00f1a\u201d autor, Eudacir Da Cu\u00f1a<\/li>\n<li>2\u00b0 lugar: \u201cLa ventana\u201d autor, Javier Rodr\u00edguez<\/li>\n<li>3\u00b0 lugar: \u201cEl intruso\u201d autor, Walter Rodr\u00edguez<\/li>\n<li>4\u00b0 lugar: \u201cJazm\u00edn\u201d autor,Bianca Cooper<\/li>\n<li>5\u00b0 lugar: \u201c Cicatrices\u201d autor, Sabrina Ruiz<\/li>\n<li>6\u00b0 lugar: \u201cLa guerra, mam\u00e1\u201d autor, Mabel Nu\u00f1ez<\/li>\n<li>6\u00b0 lugar: \u201cDe bord\u00f3\u201d autor, Mar\u00eda Bentancurt<\/li>\n<\/ul>\n<p>Virtual Literario:<\/p>\n<p>A comienzo del mes de mayo de 2020, divisi\u00f3n Cultura de la intendencia de Rivera, realiz\u00f3 un llamado para participar del concurso de microrrelatos, con tem\u00e1tica libre, dirigido a los residentes del departamento, exigiendo un m\u00ednimo de 15 a\u00f1os.<\/p>\n<p>Las obras que se recibian por v\u00eda mail, pod\u00edan presentar un m\u00e1ximo de 200 palabras en espa\u00f1ol, pudiendo incluir el Portu\u00f1ol y alguna nota de humor.<br \/>\nCon la sola presentaci\u00f3n, los autores autorizan a la IDR, a difundir las obras.<\/p>\n<p>&nbsp;<\/p>\n<p><iframe loading=\"lazy\" title=\"Ocho fueron los ganadores del Concurso Virtual Literario de Microrrelatos\" width=\"1160\" height=\"653\" src=\"https:\/\/www.youtube.com\/embed\/LF-YUCYJ7ek?feature=oembed\" frameborder=\"0\" allow=\"accelerometer; autoplay; encrypted-media; gyroscope; picture-in-picture\" allowfullscreen><\/iframe><\/p>\n<p>&nbsp;<\/p>\n<p><strong>Obras ganadoras:\u00a0<\/strong><\/p>\n<p><iframe loading=\"lazy\" title=\"Concurso Virtual Literario 2020\" width=\"1160\" height=\"653\" src=\"https:\/\/www.youtube.com\/embed\/videoseries?list=PLZjHXUFCaF6he2yCTh_tRjLsaDpqjCHky\" frameborder=\"0\" allow=\"accelerometer; autoplay; encrypted-media; gyroscope; picture-in-picture\" allowfullscreen><\/iframe><\/p>\n","protected":false},"excerpt":{"rendered":"<p>La ceremonia de entrega de certificados, se realiz\u00f3 el jueves 23 de julio, a las 19:00 hs, en el sal\u00f3n de actos de la intendencia de Rivera. Cont\u00f3 con la presencia de la Sra. Intendente Departamental, Alma Galup Migliarini, el director general de Promoci\u00f3n y Acci\u00f3n Social, Cr. Giovani Conti, y el director de Cultura [&hellip;]<\/p>\n","protected":false},"author":2,"featured_media":5609,"comment_status":"open","ping_status":"open","sticky":false,"template":"","format":"standard","meta":{"footnotes":""},"categories":[8,1,7],"tags":[58,38,317,74,316,302],"_links":{"self":[{"href":"https:\/\/www.rivera.gub.uy\/social\/wp-json\/wp\/v2\/posts\/5608"}],"collection":[{"href":"https:\/\/www.rivera.gub.uy\/social\/wp-json\/wp\/v2\/posts"}],"about":[{"href":"https:\/\/www.rivera.gub.uy\/social\/wp-json\/wp\/v2\/types\/post"}],"author":[{"embeddable":true,"href":"https:\/\/www.rivera.gub.uy\/social\/wp-json\/wp\/v2\/users\/2"}],"replies":[{"embeddable":true,"href":"https:\/\/www.rivera.gub.uy\/social\/wp-json\/wp\/v2\/comments?post=5608"}],"version-history":[{"count":1,"href":"https:\/\/www.rivera.gub.uy\/social\/wp-json\/wp\/v2\/posts\/5608\/revisions"}],"predecessor-version":[{"id":5610,"href":"https:\/\/www.rivera.gub.uy\/social\/wp-json\/wp\/v2\/posts\/5608\/revisions\/5610"}],"wp:featuredmedia":[{"embeddable":true,"href":"https:\/\/www.rivera.gub.uy\/social\/wp-json\/wp\/v2\/media\/5609"}],"wp:attachment":[{"href":"https:\/\/www.rivera.gub.uy\/social\/wp-json\/wp\/v2\/media?parent=5608"}],"wp:term":[{"taxonomy":"category","embeddable":true,"href":"https:\/\/www.rivera.gub.uy\/social\/wp-json\/wp\/v2\/categories?post=5608"},{"taxonomy":"post_tag","embeddable":true,"href":"https:\/\/www.rivera.gub.uy\/social\/wp-json\/wp\/v2\/tags?post=5608"}],"curies":[{"name":"wp","href":"https:\/\/api.w.org\/{rel}","templated":true}]}}