{"id":5657,"date":"2020-08-07T12:11:31","date_gmt":"2020-08-07T12:11:31","guid":{"rendered":"https:\/\/www.rivera.gub.uy\/social\/?p=5657"},"modified":"2020-08-07T12:15:28","modified_gmt":"2020-08-07T12:15:28","slug":"talleres-de-orientacion-vocacional","status":"publish","type":"post","link":"https:\/\/www.rivera.gub.uy\/social\/talleres-de-orientacion-vocacional\/","title":{"rendered":"Talleres de Orientaci\u00f3n Vocacional"},"content":{"rendered":"<p>Los Talleres de Orientaci\u00f3n Vocacional est\u00e1n dirigidos a j\u00f3venes de entre 14 y 17 a\u00f1os de todos los departamentos del pa\u00eds.<br \/>\nEn cada instancia se trabaja mediante la reflexi\u00f3n, el an\u00e1lisis y la construcci\u00f3n de opciones educativas posibles y deseables, abordando diferentes dimensiones \u2013mandatos sociales y familiares, manejo del tiempo, pertenencia e integraci\u00f3n a las instituciones educativas y factores que influyen en los procesos de elecci\u00f3n vocacional, entre otras.<!--more--><\/p>\n<p>Los talleres est\u00e1n a cargo de docentes del Programa de Respaldo al Aprendizaje (Progresa) de la Universidad de la Rep\u00fablica, en coordinaci\u00f3n con el Instituto Nacional de la Juventud (INJU) del Ministerio de Desarrollo Social y cuentan con la colaboraci\u00f3n de las Oficinas de la Juventud departamentales.<\/p>\n<p>En esta primera etapa, la convocatoria est\u00e1 dirigida a j\u00f3venes de todo el pa\u00eds, con excepci\u00f3n de Montevideo y Canelones, quienes podr\u00e1n postular en la siguiente etapa.<\/p>\n<p><strong>\u00bfC\u00f3mo funcionan?<\/strong><\/p>\n<p>Los talleres son una instancia de aprendizaje e intercambio en la que se busca orientar a los y las j\u00f3venes en la forma m\u00e1s adecuada de enfrentar las decisiones vocacionales.<br \/>\nAl mismo tiempo, son una forma de democratizar el acceso a la informaci\u00f3n de la oferta educativa.<\/p>\n<p>Se desarroll\u00e1n en modalidad online.<\/p>\n<p><strong>\u00bfQui\u00e9nes pueden participar?<\/strong><\/p>\n<p>Los talleres son abiertos y gratuitos a todas las personas interesadas de entre 14 y 17 a\u00f1os.<\/p>\n<p>Una vez completada la inscripci\u00f3n, los equipos te comunicar\u00e1n d\u00eda y horario del taller, que ser\u00e1 entre lunes y viernes en el margen comprendido entre las 12 y las 18 horas, con una duraci\u00f3n aproximada de una hora.<\/p>\n<p><strong>Primera etapa: agosto-setiembre<\/strong><\/p>\n<p>Artigas, Cerro Largo, Colonia, Durazno, Flores, Florida, Lavalleja, Maldonado, Paysand\u00fa, R\u00edo Negro, <strong>Rivera<\/strong>, Rocha, Salto, San Jos\u00e9 Soriano, Tacuaremb\u00f3 y Teinta y Tres.<\/p>\n<p><strong>Inscripciones<\/strong><\/p>\n<p>Las inscripciones se realizan online: (<a href=\"https:\/\/app-web2.mides.gub.uy\/limesurvey\/index.php?sid=68273&amp;lang=es\" target=\"_blank\" rel=\"noopener noreferrer\">inscr\u00edbete aqu\u00ed<\/a>)<\/p>\n<p><strong>Plazo: del 6 al 20 de agosto de 2020.<\/strong><\/p>\n<p>Pr\u00f3ximamente se publicar\u00e1 el calendario de fechas de los talleres para cada departamento del pa\u00eds.<\/p>\n<p>Contacto para consultas<br \/>\nServicio de informaci\u00f3n a la Juventud: <a href=\"tel:+59808004658\">0800 4658<\/a><br \/>\nE-mail: <a href=\"mailto:cijinju@mides.gub.uy\">cijinju@mides.gub.uy<\/a> y <a href=\"mailto:progresaudelar@gmail.com\">progresaudelar@gmail.com<\/a><\/p>\n<p>&nbsp;<\/p>\n<p>Fuente: <a href=\"https:\/\/www.gub.uy\/ministerio-desarrollo-social\/comunicacion\/comunicados\/talleres-orientacion-vocacional\" target=\"_blank\" rel=\"noopener noreferrer\">www.gub.uy\/ministerio-desarrollo-social<\/a><\/p>\n","protected":false},"excerpt":{"rendered":"<p>Los Talleres de Orientaci\u00f3n Vocacional est\u00e1n dirigidos a j\u00f3venes de entre 14 y 17 a\u00f1os de todos los departamentos del pa\u00eds. En cada instancia se trabaja mediante la reflexi\u00f3n, el an\u00e1lisis y la construcci\u00f3n de opciones educativas posibles y deseables, abordando diferentes dimensiones \u2013mandatos sociales y familiares, manejo del tiempo, pertenencia e integraci\u00f3n a las [&hellip;]<\/p>\n","protected":false},"author":2,"featured_media":5658,"comment_status":"open","ping_status":"open","sticky":false,"template":"","format":"standard","meta":{"footnotes":""},"categories":[6,8,1,7],"tags":[38,17,234],"_links":{"self":[{"href":"https:\/\/www.rivera.gub.uy\/social\/wp-json\/wp\/v2\/posts\/5657"}],"collection":[{"href":"https:\/\/www.rivera.gub.uy\/social\/wp-json\/wp\/v2\/posts"}],"about":[{"href":"https:\/\/www.rivera.gub.uy\/social\/wp-json\/wp\/v2\/types\/post"}],"author":[{"embeddable":true,"href":"https:\/\/www.rivera.gub.uy\/social\/wp-json\/wp\/v2\/users\/2"}],"replies":[{"embeddable":true,"href":"https:\/\/www.rivera.gub.uy\/social\/wp-json\/wp\/v2\/comments?post=5657"}],"version-history":[{"count":3,"href":"https:\/\/www.rivera.gub.uy\/social\/wp-json\/wp\/v2\/posts\/5657\/revisions"}],"predecessor-version":[{"id":5661,"href":"https:\/\/www.rivera.gub.uy\/social\/wp-json\/wp\/v2\/posts\/5657\/revisions\/5661"}],"wp:featuredmedia":[{"embeddable":true,"href":"https:\/\/www.rivera.gub.uy\/social\/wp-json\/wp\/v2\/media\/5658"}],"wp:attachment":[{"href":"https:\/\/www.rivera.gub.uy\/social\/wp-json\/wp\/v2\/media?parent=5657"}],"wp:term":[{"taxonomy":"category","embeddable":true,"href":"https:\/\/www.rivera.gub.uy\/social\/wp-json\/wp\/v2\/categories?post=5657"},{"taxonomy":"post_tag","embeddable":true,"href":"https:\/\/www.rivera.gub.uy\/social\/wp-json\/wp\/v2\/tags?post=5657"}],"curies":[{"name":"wp","href":"https:\/\/api.w.org\/{rel}","templated":true}]}}