{"id":5663,"date":"2020-08-10T15:22:38","date_gmt":"2020-08-10T15:22:38","guid":{"rendered":"https:\/\/www.rivera.gub.uy\/social\/?p=5663"},"modified":"2020-08-10T15:22:41","modified_gmt":"2020-08-10T15:22:41","slug":"taller-literario-brindis-agreste-con-nuevo-horario","status":"publish","type":"post","link":"https:\/\/www.rivera.gub.uy\/social\/taller-literario-brindis-agreste-con-nuevo-horario\/","title":{"rendered":"Taller literario \u00abBrindis Agreste\u00bb, con nuevo horario"},"content":{"rendered":"<p>El Taller Literario \u00abBrindis Agreste\u00bb,\u00a0\u00a0dictado por el profesor Raphael Ficher (Contacto: <a href=\"tel:+598092395153\">092 395 153<\/a>), a partir del d\u00eda 11 de agosto pasar\u00e1 a realizarse todos los martes a las 19 horas, v\u00eda Zoom.<\/p>\n<p>Quienes quieran participar y presenciar las actividades, deber\u00e1n contactarse previamente con el profesor.<\/p>\n","protected":false},"excerpt":{"rendered":"<p>El Taller Literario \u00abBrindis Agreste\u00bb,\u00a0\u00a0dictado por el profesor Raphael Ficher (Contacto: 092 395 153), a partir del d\u00eda 11 de agosto pasar\u00e1 a realizarse todos los martes a las 19 horas, v\u00eda Zoom. Quienes quieran participar y presenciar las actividades, deber\u00e1n contactarse previamente con el profesor.<\/p>\n","protected":false},"author":2,"featured_media":5668,"comment_status":"open","ping_status":"open","sticky":false,"template":"","format":"standard","meta":{"footnotes":""},"categories":[8,1],"tags":[],"_links":{"self":[{"href":"https:\/\/www.rivera.gub.uy\/social\/wp-json\/wp\/v2\/posts\/5663"}],"collection":[{"href":"https:\/\/www.rivera.gub.uy\/social\/wp-json\/wp\/v2\/posts"}],"about":[{"href":"https:\/\/www.rivera.gub.uy\/social\/wp-json\/wp\/v2\/types\/post"}],"author":[{"embeddable":true,"href":"https:\/\/www.rivera.gub.uy\/social\/wp-json\/wp\/v2\/users\/2"}],"replies":[{"embeddable":true,"href":"https:\/\/www.rivera.gub.uy\/social\/wp-json\/wp\/v2\/comments?post=5663"}],"version-history":[{"count":2,"href":"https:\/\/www.rivera.gub.uy\/social\/wp-json\/wp\/v2\/posts\/5663\/revisions"}],"predecessor-version":[{"id":5665,"href":"https:\/\/www.rivera.gub.uy\/social\/wp-json\/wp\/v2\/posts\/5663\/revisions\/5665"}],"wp:featuredmedia":[{"embeddable":true,"href":"https:\/\/www.rivera.gub.uy\/social\/wp-json\/wp\/v2\/media\/5668"}],"wp:attachment":[{"href":"https:\/\/www.rivera.gub.uy\/social\/wp-json\/wp\/v2\/media?parent=5663"}],"wp:term":[{"taxonomy":"category","embeddable":true,"href":"https:\/\/www.rivera.gub.uy\/social\/wp-json\/wp\/v2\/categories?post=5663"},{"taxonomy":"post_tag","embeddable":true,"href":"https:\/\/www.rivera.gub.uy\/social\/wp-json\/wp\/v2\/tags?post=5663"}],"curies":[{"name":"wp","href":"https:\/\/api.w.org\/{rel}","templated":true}]}}