{"id":5669,"date":"2020-08-12T16:12:25","date_gmt":"2020-08-12T16:12:25","guid":{"rendered":"https:\/\/www.rivera.gub.uy\/social\/?p=5669"},"modified":"2020-08-12T16:12:28","modified_gmt":"2020-08-12T16:12:28","slug":"rondas-medicas-odontologicas","status":"publish","type":"post","link":"https:\/\/www.rivera.gub.uy\/social\/rondas-medicas-odontologicas\/","title":{"rendered":"Rondas M\u00e9dicas Odontol\u00f3gicas"},"content":{"rendered":"<p>El Bus Expreso Esperanza contin\u00faa realizando rondas m\u00e9dicas odontol\u00f3gicas rurales.<\/p>\n<p>En el mes de agosto visit\u00f3 y brind\u00f3 asistencia a las comunidades de Cap\u00f3n Alto, Abrojal y Cerros Blancos.<\/p>\n<p>En los pr\u00f3ximos d\u00edas, visitar\u00e1 las localidades de Paso Ataques, Las Flores, La Calera, Arroyo Blanco y Paso del Parque. <!--more--><\/p>\n<p>Cronograma del mes de agosto:<\/p>\n<ul>\n<li>Jueves 13: Paso Ataques<\/li>\n<li>Mi\u00e9rcoles 19: Las Flores<\/li>\n<li>Viernes 21: Arroyo Blanco<\/li>\n<li>Jueves 27: Paso del Parque<\/li>\n<li>Viernes 28: La Calera<\/li>\n<\/ul>\n<div id='gallery-1' class='gallery galleryid-5669 gallery-columns-3 gallery-size-medium'><figure class='gallery-item'>\n\t\t\t<div class='gallery-icon landscape'>\n\t\t\t\t<a href='https:\/\/www.rivera.gub.uy\/social\/wp-content\/uploads\/2020\/08\/WhatsApp-Image-2020-08-11-at-12.58.23-PM-1.jpeg'><img loading=\"lazy\" decoding=\"async\" width=\"300\" height=\"225\" src=\"https:\/\/www.rivera.gub.uy\/social\/wp-content\/uploads\/2020\/08\/WhatsApp-Image-2020-08-11-at-12.58.23-PM-1-300x225.jpeg\" class=\"attachment-medium size-medium\" alt=\"\" srcset=\"https:\/\/www.rivera.gub.uy\/social\/wp-content\/uploads\/2020\/08\/WhatsApp-Image-2020-08-11-at-12.58.23-PM-1-300x225.jpeg 300w, https:\/\/www.rivera.gub.uy\/social\/wp-content\/uploads\/2020\/08\/WhatsApp-Image-2020-08-11-at-12.58.23-PM-1-1024x768.jpeg 1024w, https:\/\/www.rivera.gub.uy\/social\/wp-content\/uploads\/2020\/08\/WhatsApp-Image-2020-08-11-at-12.58.23-PM-1-768x576.jpeg 768w, https:\/\/www.rivera.gub.uy\/social\/wp-content\/uploads\/2020\/08\/WhatsApp-Image-2020-08-11-at-12.58.23-PM-1-1536x1152.jpeg 1536w, https:\/\/www.rivera.gub.uy\/social\/wp-content\/uploads\/2020\/08\/WhatsApp-Image-2020-08-11-at-12.58.23-PM-1-820x615.jpeg 820w, https:\/\/www.rivera.gub.uy\/social\/wp-content\/uploads\/2020\/08\/WhatsApp-Image-2020-08-11-at-12.58.23-PM-1.jpeg 1600w\" sizes=\"(max-width: 300px) 100vw, 300px\" \/><\/a>\n\t\t\t<\/div><\/figure><figure class='gallery-item'>\n\t\t\t<div class='gallery-icon portrait'>\n\t\t\t\t<a href='https:\/\/www.rivera.gub.uy\/social\/wp-content\/uploads\/2020\/08\/WhatsApp-Image-2020-08-11-at-12.58.23-PM-2.jpeg'><img loading=\"lazy\" decoding=\"async\" width=\"225\" height=\"300\" src=\"https:\/\/www.rivera.gub.uy\/social\/wp-content\/uploads\/2020\/08\/WhatsApp-Image-2020-08-11-at-12.58.23-PM-2-225x300.jpeg\" class=\"attachment-medium size-medium\" alt=\"\" srcset=\"https:\/\/www.rivera.gub.uy\/social\/wp-content\/uploads\/2020\/08\/WhatsApp-Image-2020-08-11-at-12.58.23-PM-2-225x300.jpeg 225w, https:\/\/www.rivera.gub.uy\/social\/wp-content\/uploads\/2020\/08\/WhatsApp-Image-2020-08-11-at-12.58.23-PM-2-768x1024.jpeg 768w, https:\/\/www.rivera.gub.uy\/social\/wp-content\/uploads\/2020\/08\/WhatsApp-Image-2020-08-11-at-12.58.23-PM-2-1152x1536.jpeg 1152w, https:\/\/www.rivera.gub.uy\/social\/wp-content\/uploads\/2020\/08\/WhatsApp-Image-2020-08-11-at-12.58.23-PM-2-820x1093.jpeg 820w, https:\/\/www.rivera.gub.uy\/social\/wp-content\/uploads\/2020\/08\/WhatsApp-Image-2020-08-11-at-12.58.23-PM-2.jpeg 1200w\" sizes=\"(max-width: 225px) 100vw, 225px\" \/><\/a>\n\t\t\t<\/div><\/figure><figure class='gallery-item'>\n\t\t\t<div class='gallery-icon portrait'>\n\t\t\t\t<a href='https:\/\/www.rivera.gub.uy\/social\/wp-content\/uploads\/2020\/08\/WhatsApp-Image-2020-08-11-at-12.58.23-PM.jpeg'><img loading=\"lazy\" decoding=\"async\" width=\"225\" height=\"300\" src=\"https:\/\/www.rivera.gub.uy\/social\/wp-content\/uploads\/2020\/08\/WhatsApp-Image-2020-08-11-at-12.58.23-PM-225x300.jpeg\" class=\"attachment-medium size-medium\" alt=\"\" srcset=\"https:\/\/www.rivera.gub.uy\/social\/wp-content\/uploads\/2020\/08\/WhatsApp-Image-2020-08-11-at-12.58.23-PM-225x300.jpeg 225w, https:\/\/www.rivera.gub.uy\/social\/wp-content\/uploads\/2020\/08\/WhatsApp-Image-2020-08-11-at-12.58.23-PM-768x1024.jpeg 768w, https:\/\/www.rivera.gub.uy\/social\/wp-content\/uploads\/2020\/08\/WhatsApp-Image-2020-08-11-at-12.58.23-PM-1152x1536.jpeg 1152w, https:\/\/www.rivera.gub.uy\/social\/wp-content\/uploads\/2020\/08\/WhatsApp-Image-2020-08-11-at-12.58.23-PM-820x1093.jpeg 820w, https:\/\/www.rivera.gub.uy\/social\/wp-content\/uploads\/2020\/08\/WhatsApp-Image-2020-08-11-at-12.58.23-PM.jpeg 1200w\" sizes=\"(max-width: 225px) 100vw, 225px\" \/><\/a>\n\t\t\t<\/div><\/figure>\n\t\t<\/div>\n\n","protected":false},"excerpt":{"rendered":"<p>El Bus Expreso Esperanza contin\u00faa realizando rondas m\u00e9dicas odontol\u00f3gicas rurales. En el mes de agosto visit\u00f3 y brind\u00f3 asistencia a las comunidades de Cap\u00f3n Alto, Abrojal y Cerros Blancos. En los pr\u00f3ximos d\u00edas, visitar\u00e1 las localidades de Paso Ataques, Las Flores, La Calera, Arroyo Blanco y Paso del Parque.<\/p>\n","protected":false},"author":2,"featured_media":5706,"comment_status":"open","ping_status":"open","sticky":false,"template":"","format":"standard","meta":{"footnotes":""},"categories":[1,7],"tags":[],"_links":{"self":[{"href":"https:\/\/www.rivera.gub.uy\/social\/wp-json\/wp\/v2\/posts\/5669"}],"collection":[{"href":"https:\/\/www.rivera.gub.uy\/social\/wp-json\/wp\/v2\/posts"}],"about":[{"href":"https:\/\/www.rivera.gub.uy\/social\/wp-json\/wp\/v2\/types\/post"}],"author":[{"embeddable":true,"href":"https:\/\/www.rivera.gub.uy\/social\/wp-json\/wp\/v2\/users\/2"}],"replies":[{"embeddable":true,"href":"https:\/\/www.rivera.gub.uy\/social\/wp-json\/wp\/v2\/comments?post=5669"}],"version-history":[{"count":4,"href":"https:\/\/www.rivera.gub.uy\/social\/wp-json\/wp\/v2\/posts\/5669\/revisions"}],"predecessor-version":[{"id":5708,"href":"https:\/\/www.rivera.gub.uy\/social\/wp-json\/wp\/v2\/posts\/5669\/revisions\/5708"}],"wp:featuredmedia":[{"embeddable":true,"href":"https:\/\/www.rivera.gub.uy\/social\/wp-json\/wp\/v2\/media\/5706"}],"wp:attachment":[{"href":"https:\/\/www.rivera.gub.uy\/social\/wp-json\/wp\/v2\/media?parent=5669"}],"wp:term":[{"taxonomy":"category","embeddable":true,"href":"https:\/\/www.rivera.gub.uy\/social\/wp-json\/wp\/v2\/categories?post=5669"},{"taxonomy":"post_tag","embeddable":true,"href":"https:\/\/www.rivera.gub.uy\/social\/wp-json\/wp\/v2\/tags?post=5669"}],"curies":[{"name":"wp","href":"https:\/\/api.w.org\/{rel}","templated":true}]}}