{"id":5675,"date":"2020-08-11T11:59:21","date_gmt":"2020-08-11T11:59:21","guid":{"rendered":"https:\/\/www.rivera.gub.uy\/social\/?p=5675"},"modified":"2020-08-12T11:59:59","modified_gmt":"2020-08-12T11:59:59","slug":"circuito-de-pelota-vasca","status":"publish","type":"post","link":"https:\/\/www.rivera.gub.uy\/social\/circuito-de-pelota-vasca\/","title":{"rendered":"Circuito de Pelota Vasca"},"content":{"rendered":"<p>El pr\u00f3ximo 22 de agosto, llega el primer circuito de Pelota Vasca a Rivera.<\/p>\n<p>Con el apoyo de DGPAS, DINADE y FUP (Federaci\u00f3n Uruguaya de Pelota), dicho circuito se realizar\u00e1 en instalaciones de Plaza de Deportes y Brigada de Caballer\u00eda N\u00b01.<\/p>\n<p>La primera jornada tendr\u00e1 lugar en Plaza de Deportes, a partir de las 9 horas.<\/p>\n<p><!--more--><\/p>\n<p><a href=\"https:\/\/www.rivera.gub.uy\/social\/wp-content\/uploads\/2020\/08\/WhatsApp-Image-2020-08-11-at-1.24.10-PM.jpeg\"><img loading=\"lazy\" decoding=\"async\" class=\"aligncenter wp-image-5676 size-large\" src=\"https:\/\/www.rivera.gub.uy\/social\/wp-content\/uploads\/2020\/08\/WhatsApp-Image-2020-08-11-at-1.24.10-PM-751x1024.jpeg\" alt=\"\" width=\"751\" height=\"1024\" srcset=\"https:\/\/www.rivera.gub.uy\/social\/wp-content\/uploads\/2020\/08\/WhatsApp-Image-2020-08-11-at-1.24.10-PM-751x1024.jpeg 751w, https:\/\/www.rivera.gub.uy\/social\/wp-content\/uploads\/2020\/08\/WhatsApp-Image-2020-08-11-at-1.24.10-PM-220x300.jpeg 220w, https:\/\/www.rivera.gub.uy\/social\/wp-content\/uploads\/2020\/08\/WhatsApp-Image-2020-08-11-at-1.24.10-PM-768x1047.jpeg 768w, https:\/\/www.rivera.gub.uy\/social\/wp-content\/uploads\/2020\/08\/WhatsApp-Image-2020-08-11-at-1.24.10-PM-1127x1536.jpeg 1127w, https:\/\/www.rivera.gub.uy\/social\/wp-content\/uploads\/2020\/08\/WhatsApp-Image-2020-08-11-at-1.24.10-PM-820x1118.jpeg 820w, https:\/\/www.rivera.gub.uy\/social\/wp-content\/uploads\/2020\/08\/WhatsApp-Image-2020-08-11-at-1.24.10-PM.jpeg 1174w\" sizes=\"(max-width: 751px) 100vw, 751px\" \/><\/a><\/p>\n","protected":false},"excerpt":{"rendered":"<p>El pr\u00f3ximo 22 de agosto, llega el primer circuito de Pelota Vasca a Rivera. Con el apoyo de DGPAS, DINADE y FUP (Federaci\u00f3n Uruguaya de Pelota), dicho circuito se realizar\u00e1 en instalaciones de Plaza de Deportes y Brigada de Caballer\u00eda N\u00b01. La primera jornada tendr\u00e1 lugar en Plaza de Deportes, a partir de las 9 [&hellip;]<\/p>\n","protected":false},"author":2,"featured_media":5677,"comment_status":"open","ping_status":"open","sticky":false,"template":"","format":"standard","meta":{"footnotes":""},"categories":[5,1],"tags":[],"_links":{"self":[{"href":"https:\/\/www.rivera.gub.uy\/social\/wp-json\/wp\/v2\/posts\/5675"}],"collection":[{"href":"https:\/\/www.rivera.gub.uy\/social\/wp-json\/wp\/v2\/posts"}],"about":[{"href":"https:\/\/www.rivera.gub.uy\/social\/wp-json\/wp\/v2\/types\/post"}],"author":[{"embeddable":true,"href":"https:\/\/www.rivera.gub.uy\/social\/wp-json\/wp\/v2\/users\/2"}],"replies":[{"embeddable":true,"href":"https:\/\/www.rivera.gub.uy\/social\/wp-json\/wp\/v2\/comments?post=5675"}],"version-history":[{"count":1,"href":"https:\/\/www.rivera.gub.uy\/social\/wp-json\/wp\/v2\/posts\/5675\/revisions"}],"predecessor-version":[{"id":5678,"href":"https:\/\/www.rivera.gub.uy\/social\/wp-json\/wp\/v2\/posts\/5675\/revisions\/5678"}],"wp:featuredmedia":[{"embeddable":true,"href":"https:\/\/www.rivera.gub.uy\/social\/wp-json\/wp\/v2\/media\/5677"}],"wp:attachment":[{"href":"https:\/\/www.rivera.gub.uy\/social\/wp-json\/wp\/v2\/media?parent=5675"}],"wp:term":[{"taxonomy":"category","embeddable":true,"href":"https:\/\/www.rivera.gub.uy\/social\/wp-json\/wp\/v2\/categories?post=5675"},{"taxonomy":"post_tag","embeddable":true,"href":"https:\/\/www.rivera.gub.uy\/social\/wp-json\/wp\/v2\/tags?post=5675"}],"curies":[{"name":"wp","href":"https:\/\/api.w.org\/{rel}","templated":true}]}}