{"id":5716,"date":"2020-08-14T12:22:22","date_gmt":"2020-08-14T12:22:22","guid":{"rendered":"https:\/\/www.rivera.gub.uy\/social\/?p=5716"},"modified":"2020-08-14T12:22:22","modified_gmt":"2020-08-14T12:22:22","slug":"arena-rivera-2021","status":"publish","type":"post","link":"https:\/\/www.rivera.gub.uy\/social\/arena-rivera-2021\/","title":{"rendered":"Arena Rivera 2021"},"content":{"rendered":"<p>Divisi\u00f3n Deportes, fue parte de la presentaci\u00f3n del Arena Rivera 2021, ante la SENADE (Secretaria Nacional del Deporte).<\/p>\n<p>En la reuni\u00f3n estuvieron presentes el Senador Tabar\u00e9 Viera, Diputado Marne Osorio, Sub-Secretario Nacional Pablo Ferrari y el Director de Divisi\u00f3n Deportes, Lic. Horacio Hern\u00e1ndez.<!--more--><\/p>\n<p>&nbsp;<\/p>\n<div id='gallery-1' class='gallery galleryid-5716 gallery-columns-3 gallery-size-medium'><figure class='gallery-item'>\n\t\t\t<div class='gallery-icon landscape'>\n\t\t\t\t<a href='https:\/\/www.rivera.gub.uy\/social\/wp-content\/uploads\/2020\/08\/WhatsApp-Image-2020-08-14-at-8.39.39-AM-1.jpeg'><img loading=\"lazy\" decoding=\"async\" width=\"300\" height=\"225\" src=\"https:\/\/www.rivera.gub.uy\/social\/wp-content\/uploads\/2020\/08\/WhatsApp-Image-2020-08-14-at-8.39.39-AM-1-300x225.jpeg\" class=\"attachment-medium size-medium\" alt=\"\" srcset=\"https:\/\/www.rivera.gub.uy\/social\/wp-content\/uploads\/2020\/08\/WhatsApp-Image-2020-08-14-at-8.39.39-AM-1-300x225.jpeg 300w, https:\/\/www.rivera.gub.uy\/social\/wp-content\/uploads\/2020\/08\/WhatsApp-Image-2020-08-14-at-8.39.39-AM-1-1024x768.jpeg 1024w, https:\/\/www.rivera.gub.uy\/social\/wp-content\/uploads\/2020\/08\/WhatsApp-Image-2020-08-14-at-8.39.39-AM-1-768x576.jpeg 768w, https:\/\/www.rivera.gub.uy\/social\/wp-content\/uploads\/2020\/08\/WhatsApp-Image-2020-08-14-at-8.39.39-AM-1-1536x1152.jpeg 1536w, https:\/\/www.rivera.gub.uy\/social\/wp-content\/uploads\/2020\/08\/WhatsApp-Image-2020-08-14-at-8.39.39-AM-1-820x615.jpeg 820w, https:\/\/www.rivera.gub.uy\/social\/wp-content\/uploads\/2020\/08\/WhatsApp-Image-2020-08-14-at-8.39.39-AM-1.jpeg 1600w\" sizes=\"(max-width: 300px) 100vw, 300px\" \/><\/a>\n\t\t\t<\/div><\/figure><figure class='gallery-item'>\n\t\t\t<div class='gallery-icon landscape'>\n\t\t\t\t<a href='https:\/\/www.rivera.gub.uy\/social\/wp-content\/uploads\/2020\/08\/WhatsApp-Image-2020-08-14-at-8.39.39-AM.jpeg'><img loading=\"lazy\" decoding=\"async\" width=\"300\" height=\"225\" src=\"https:\/\/www.rivera.gub.uy\/social\/wp-content\/uploads\/2020\/08\/WhatsApp-Image-2020-08-14-at-8.39.39-AM-300x225.jpeg\" class=\"attachment-medium size-medium\" alt=\"\" srcset=\"https:\/\/www.rivera.gub.uy\/social\/wp-content\/uploads\/2020\/08\/WhatsApp-Image-2020-08-14-at-8.39.39-AM-300x225.jpeg 300w, https:\/\/www.rivera.gub.uy\/social\/wp-content\/uploads\/2020\/08\/WhatsApp-Image-2020-08-14-at-8.39.39-AM-1024x768.jpeg 1024w, https:\/\/www.rivera.gub.uy\/social\/wp-content\/uploads\/2020\/08\/WhatsApp-Image-2020-08-14-at-8.39.39-AM-768x576.jpeg 768w, https:\/\/www.rivera.gub.uy\/social\/wp-content\/uploads\/2020\/08\/WhatsApp-Image-2020-08-14-at-8.39.39-AM-1536x1152.jpeg 1536w, https:\/\/www.rivera.gub.uy\/social\/wp-content\/uploads\/2020\/08\/WhatsApp-Image-2020-08-14-at-8.39.39-AM-820x615.jpeg 820w, https:\/\/www.rivera.gub.uy\/social\/wp-content\/uploads\/2020\/08\/WhatsApp-Image-2020-08-14-at-8.39.39-AM.jpeg 1600w\" sizes=\"(max-width: 300px) 100vw, 300px\" \/><\/a>\n\t\t\t<\/div><\/figure><figure class='gallery-item'>\n\t\t\t<div class='gallery-icon portrait'>\n\t\t\t\t<a href='https:\/\/www.rivera.gub.uy\/social\/wp-content\/uploads\/2020\/08\/WhatsApp-Image-2020-08-14-at-8.39.41-AM.jpeg'><img loading=\"lazy\" decoding=\"async\" width=\"217\" height=\"300\" src=\"https:\/\/www.rivera.gub.uy\/social\/wp-content\/uploads\/2020\/08\/WhatsApp-Image-2020-08-14-at-8.39.41-AM-217x300.jpeg\" class=\"attachment-medium size-medium\" alt=\"\" srcset=\"https:\/\/www.rivera.gub.uy\/social\/wp-content\/uploads\/2020\/08\/WhatsApp-Image-2020-08-14-at-8.39.41-AM-217x300.jpeg 217w, https:\/\/www.rivera.gub.uy\/social\/wp-content\/uploads\/2020\/08\/WhatsApp-Image-2020-08-14-at-8.39.41-AM-740x1024.jpeg 740w, https:\/\/www.rivera.gub.uy\/social\/wp-content\/uploads\/2020\/08\/WhatsApp-Image-2020-08-14-at-8.39.41-AM-768x1063.jpeg 768w, https:\/\/www.rivera.gub.uy\/social\/wp-content\/uploads\/2020\/08\/WhatsApp-Image-2020-08-14-at-8.39.41-AM-820x1135.jpeg 820w, https:\/\/www.rivera.gub.uy\/social\/wp-content\/uploads\/2020\/08\/WhatsApp-Image-2020-08-14-at-8.39.41-AM.jpeg 1062w\" sizes=\"(max-width: 217px) 100vw, 217px\" \/><\/a>\n\t\t\t<\/div><\/figure>\n\t\t<\/div>\n\n","protected":false},"excerpt":{"rendered":"<p>Divisi\u00f3n Deportes, fue parte de la presentaci\u00f3n del Arena Rivera 2021, ante la SENADE (Secretaria Nacional del Deporte). En la reuni\u00f3n estuvieron presentes el Senador Tabar\u00e9 Viera, Diputado Marne Osorio, Sub-Secretario Nacional Pablo Ferrari y el Director de Divisi\u00f3n Deportes, Lic. Horacio Hern\u00e1ndez.<\/p>\n","protected":false},"author":2,"featured_media":5720,"comment_status":"open","ping_status":"open","sticky":false,"template":"","format":"standard","meta":{"footnotes":""},"categories":[5,1],"tags":[],"_links":{"self":[{"href":"https:\/\/www.rivera.gub.uy\/social\/wp-json\/wp\/v2\/posts\/5716"}],"collection":[{"href":"https:\/\/www.rivera.gub.uy\/social\/wp-json\/wp\/v2\/posts"}],"about":[{"href":"https:\/\/www.rivera.gub.uy\/social\/wp-json\/wp\/v2\/types\/post"}],"author":[{"embeddable":true,"href":"https:\/\/www.rivera.gub.uy\/social\/wp-json\/wp\/v2\/users\/2"}],"replies":[{"embeddable":true,"href":"https:\/\/www.rivera.gub.uy\/social\/wp-json\/wp\/v2\/comments?post=5716"}],"version-history":[{"count":2,"href":"https:\/\/www.rivera.gub.uy\/social\/wp-json\/wp\/v2\/posts\/5716\/revisions"}],"predecessor-version":[{"id":5721,"href":"https:\/\/www.rivera.gub.uy\/social\/wp-json\/wp\/v2\/posts\/5716\/revisions\/5721"}],"wp:featuredmedia":[{"embeddable":true,"href":"https:\/\/www.rivera.gub.uy\/social\/wp-json\/wp\/v2\/media\/5720"}],"wp:attachment":[{"href":"https:\/\/www.rivera.gub.uy\/social\/wp-json\/wp\/v2\/media?parent=5716"}],"wp:term":[{"taxonomy":"category","embeddable":true,"href":"https:\/\/www.rivera.gub.uy\/social\/wp-json\/wp\/v2\/categories?post=5716"},{"taxonomy":"post_tag","embeddable":true,"href":"https:\/\/www.rivera.gub.uy\/social\/wp-json\/wp\/v2\/tags?post=5716"}],"curies":[{"name":"wp","href":"https:\/\/api.w.org\/{rel}","templated":true}]}}