{"id":5739,"date":"2020-08-19T16:01:21","date_gmt":"2020-08-19T16:01:21","guid":{"rendered":"https:\/\/www.rivera.gub.uy\/social\/?p=5739"},"modified":"2020-08-19T16:57:57","modified_gmt":"2020-08-19T16:57:57","slug":"100-anos-de-mario-benedetti","status":"publish","type":"post","link":"https:\/\/www.rivera.gub.uy\/social\/100-anos-de-mario-benedetti\/","title":{"rendered":"100 a\u00f1os de Mario Benedetti"},"content":{"rendered":"<p>En el marco del D\u00eda Nacional del Libro, celebrado el pasado 26 de mayo, la <a href=\"https:\/\/www.rivera.gub.uy\/social\/cultura\/biblioteca\/\" target=\"_blank\" rel=\"noopener noreferrer\">Biblioteca Artigas<\/a> conmemor\u00f3 los 100 a\u00f1os del nacimiento de <strong>Mario Benedetti<\/strong>.<\/p>\n<p>La directora de la biblioteca, Lic. Patricia Cuti, invit\u00f3 a participar a estudiantes de 3\u00b0 a\u00f1o del Liceo N\u00b06 de Rivera, con quienes se elabor\u00f3 un proyecto que toma como referencia el poema \u00abTe quiero\u00bb.<\/p>\n<p>La actividad implementada por las docentes de Literatura Liz Freitas y Yennifer P\u00e9rez, responde al modelo de evaluaci\u00f3n DUA (Dise\u00f1o Universal de Aprendizaje).<!--more--><\/p>\n<p>&nbsp;<\/p>\n<div id=\"accordion-1\" class=\"accordion no-js\"><\/p>\n<p>\n\t\t\t\t\t<h4 role=\"button\" id=\"accordion-1-t1\" class=\"accordion-title js-accordion-controller\" aria-controls=\"accordion-1-c1\" aria-expanded=\"false\" tabindex=\"0\">\n\t\t\t\tPoema\t\t\t<\/h4>\n\t\t\n\t\t<div id=\"accordion-1-c1\" class=\"accordion-content\" aria-hidden=\"true\">\n\t\t\t<\/p>\n<h3 style=\"text-align: center;\"><strong>\u00abTe quiero\u00bb<\/strong><\/h3>\n<p style=\"text-align: center;\">Tus manos son mi caricia<br \/>\nmis acordes cotidianos<br \/>\nte quiero porque tus manos<br \/>\ntrabajan por la justicia<\/p>\n<p style=\"text-align: center;\">si te quiero es porque sos<br \/>\nmi amor mi c\u00f3mplice y todo<br \/>\ny en la calle codo a codo<br \/>\nsomos mucho m\u00e1s que dos<\/p>\n<p style=\"text-align: center;\">tus ojos son mi conjuro<br \/>\ncontra la mala jornada<br \/>\nte quiero por tu mirada<br \/>\nque mira y siembra futuro<\/p>\n<p style=\"text-align: center;\">tu boca que es tuya y m\u00eda<br \/>\ntu boca no se equivoca<br \/>\nte quiero porque tu boca<br \/>\nsabe gritar rebeld\u00eda<\/p>\n<p style=\"text-align: center;\">si te quiero es porque sos<br \/>\nmi amor mi c\u00f3mplice y todo<br \/>\ny en la calle codo a codo<br \/>\nsomos mucho m\u00e1s que dos<\/p>\n<p style=\"text-align: center;\">y por tu rostro sincero<br \/>\ny tu paso vagabundo<br \/>\ny tu llanto por el mundo<br \/>\nporque sos pueblo te quiero<\/p>\n<p style=\"text-align: center;\">y porque amor no es aureola<br \/>\nni c\u00e1ndida moraleja<br \/>\ny porque somos pareja<br \/>\nque sabe que no est\u00e1 sola<\/p>\n<p style=\"text-align: center;\">te quiero en mi para\u00edso<br \/>\nes decir que en mi pa\u00eds<br \/>\nla gente viva feliz<br \/>\naunque no tenga permiso<\/p>\n<p style=\"text-align: center;\">si te quiero es porque sos<br \/>\nmi amor mi c\u00f3mplice y todo<br \/>\ny en la calle codo a codo<br \/>\nsomos mucho m\u00e1s que dos.<\/p>\n<p>&nbsp;<\/p>\n<p style=\"text-align: right;\"><em>Mario Benedetti<\/em><\/p>\n<p>&nbsp;<\/p>\n<p>\t\t<\/div>\n\n\t\t<\/p>\n<p>\n\t\t\t\t\t<h4 role=\"button\" id=\"accordion-1-t2\" class=\"accordion-title js-accordion-controller\" aria-controls=\"accordion-1-c2\" aria-expanded=\"false\" tabindex=\"0\">\n\t\t\t\tConsigna\t\t\t<\/h4>\n\t\t\n\t\t<div id=\"accordion-1-c2\" class=\"accordion-content\" aria-hidden=\"true\">\n\t\t\t<\/p>\n<p>Transcripci\u00f3n textual de la consigna:<\/p>\n<p>\u00bb Para esta actividad, t\u00fa ser\u00e1s un artista , por lo cual producir\u00e1s una obra de arte inspirada en el poema\u00bb Te quiero\u00bb de Mario Benedetti. El producto debe ser algo diferente y\/o novedoso.<\/p>\n<p>Esta es una tarea abierta, donde puedes utilizar el m\u00e9todo art\u00edstico que prefieras, siempre inspirado en este poema. Por ejemplo: puedes crear un dibujo, elaborar una breve obra de teatro, un cortometraje, cantar la versi\u00f3n musicalizada de esta obra, escribir un poema, etc.<\/p>\n<p>Las opciones son infinitas, depende de ti pensar y seleccionar el m\u00e9todo que m\u00e1s te agrade.<br \/>\nEso es todo. \u00a1A trabajar con entusiasmo y creatividad!\u00bb<\/p>\n<p>\t\t<\/div>\n\n\t\t<\/p>\n<p>\n\t\t\t\t\t<h4 role=\"button\" id=\"accordion-1-t3\" class=\"accordion-title js-accordion-controller\" aria-controls=\"accordion-1-c3\" aria-expanded=\"false\" tabindex=\"0\">\n\t\t\t\tProyecto\t\t\t<\/h4>\n\t\t\n\t\t<div id=\"accordion-1-c3\" class=\"accordion-content\" aria-hidden=\"true\">\n\t\t\t<\/p>\n<h3>3er a\u00f1o N\u00b0 1<\/h3>\n<hr \/>\n<p><div id='gallery-1' class='gallery galleryid-5739 gallery-columns-3 gallery-size-medium'><figure class='gallery-item'>\n\t\t\t<div class='gallery-icon landscape'>\n\t\t\t\t<a href='https:\/\/www.rivera.gub.uy\/social\/wp-content\/uploads\/2020\/08\/\u00c1lvaro-Barboza-3\u00b0-1-sube.jpg'><img loading=\"lazy\" decoding=\"async\" width=\"300\" height=\"225\" src=\"https:\/\/www.rivera.gub.uy\/social\/wp-content\/uploads\/2020\/08\/\u00c1lvaro-Barboza-3\u00b0-1-sube-300x225.jpg\" class=\"attachment-medium size-medium\" alt=\"\" aria-describedby=\"gallery-1-5682\" srcset=\"https:\/\/www.rivera.gub.uy\/social\/wp-content\/uploads\/2020\/08\/\u00c1lvaro-Barboza-3\u00b0-1-sube-300x225.jpg 300w, https:\/\/www.rivera.gub.uy\/social\/wp-content\/uploads\/2020\/08\/\u00c1lvaro-Barboza-3\u00b0-1-sube-1024x768.jpg 1024w, https:\/\/www.rivera.gub.uy\/social\/wp-content\/uploads\/2020\/08\/\u00c1lvaro-Barboza-3\u00b0-1-sube-768x576.jpg 768w, https:\/\/www.rivera.gub.uy\/social\/wp-content\/uploads\/2020\/08\/\u00c1lvaro-Barboza-3\u00b0-1-sube-1536x1152.jpg 1536w, https:\/\/www.rivera.gub.uy\/social\/wp-content\/uploads\/2020\/08\/\u00c1lvaro-Barboza-3\u00b0-1-sube-820x615.jpg 820w, https:\/\/www.rivera.gub.uy\/social\/wp-content\/uploads\/2020\/08\/\u00c1lvaro-Barboza-3\u00b0-1-sube.jpg 1600w\" sizes=\"(max-width: 300px) 100vw, 300px\" \/><\/a>\n\t\t\t<\/div>\n\t\t\t\t<figcaption class='wp-caption-text gallery-caption' id='gallery-1-5682'>\n\t\t\t\tAutor: \u00c1lvaro Barboza\n\t\t\t\t<\/figcaption><\/figure><figure class='gallery-item'>\n\t\t\t<div class='gallery-icon landscape'>\n\t\t\t\t<a href='https:\/\/www.rivera.gub.uy\/social\/wp-content\/uploads\/2020\/08\/Florencia-Estabillo-3\u00b01-sube.jpg'><img loading=\"lazy\" decoding=\"async\" width=\"300\" height=\"192\" src=\"https:\/\/www.rivera.gub.uy\/social\/wp-content\/uploads\/2020\/08\/Florencia-Estabillo-3\u00b01-sube-300x192.jpg\" class=\"attachment-medium size-medium\" alt=\"\" aria-describedby=\"gallery-1-5683\" srcset=\"https:\/\/www.rivera.gub.uy\/social\/wp-content\/uploads\/2020\/08\/Florencia-Estabillo-3\u00b01-sube-300x192.jpg 300w, https:\/\/www.rivera.gub.uy\/social\/wp-content\/uploads\/2020\/08\/Florencia-Estabillo-3\u00b01-sube-1024x656.jpg 1024w, https:\/\/www.rivera.gub.uy\/social\/wp-content\/uploads\/2020\/08\/Florencia-Estabillo-3\u00b01-sube-768x492.jpg 768w, https:\/\/www.rivera.gub.uy\/social\/wp-content\/uploads\/2020\/08\/Florencia-Estabillo-3\u00b01-sube-1536x983.jpg 1536w, https:\/\/www.rivera.gub.uy\/social\/wp-content\/uploads\/2020\/08\/Florencia-Estabillo-3\u00b01-sube-820x525.jpg 820w, https:\/\/www.rivera.gub.uy\/social\/wp-content\/uploads\/2020\/08\/Florencia-Estabillo-3\u00b01-sube.jpg 1579w\" sizes=\"(max-width: 300px) 100vw, 300px\" \/><\/a>\n\t\t\t<\/div>\n\t\t\t\t<figcaption class='wp-caption-text gallery-caption' id='gallery-1-5683'>\n\t\t\t\tAutor: Florencia Estabillo\n\t\t\t\t<\/figcaption><\/figure><figure class='gallery-item'>\n\t\t\t<div class='gallery-icon landscape'>\n\t\t\t\t<a href='https:\/\/www.rivera.gub.uy\/social\/wp-content\/uploads\/2020\/08\/Keithy-Cuello-3\u00b01-sube-scaled.jpg'><img loading=\"lazy\" decoding=\"async\" width=\"300\" height=\"215\" src=\"https:\/\/www.rivera.gub.uy\/social\/wp-content\/uploads\/2020\/08\/Keithy-Cuello-3\u00b01-sube-300x215.jpg\" class=\"attachment-medium size-medium\" alt=\"\" aria-describedby=\"gallery-1-5684\" srcset=\"https:\/\/www.rivera.gub.uy\/social\/wp-content\/uploads\/2020\/08\/Keithy-Cuello-3\u00b01-sube-300x215.jpg 300w, https:\/\/www.rivera.gub.uy\/social\/wp-content\/uploads\/2020\/08\/Keithy-Cuello-3\u00b01-sube-1024x735.jpg 1024w, https:\/\/www.rivera.gub.uy\/social\/wp-content\/uploads\/2020\/08\/Keithy-Cuello-3\u00b01-sube-768x551.jpg 768w, https:\/\/www.rivera.gub.uy\/social\/wp-content\/uploads\/2020\/08\/Keithy-Cuello-3\u00b01-sube-1536x1102.jpg 1536w, https:\/\/www.rivera.gub.uy\/social\/wp-content\/uploads\/2020\/08\/Keithy-Cuello-3\u00b01-sube-2048x1469.jpg 2048w, https:\/\/www.rivera.gub.uy\/social\/wp-content\/uploads\/2020\/08\/Keithy-Cuello-3\u00b01-sube-820x588.jpg 820w\" sizes=\"(max-width: 300px) 100vw, 300px\" \/><\/a>\n\t\t\t<\/div>\n\t\t\t\t<figcaption class='wp-caption-text gallery-caption' id='gallery-1-5684'>\n\t\t\t\tAutor: Keithy Cuello\n\t\t\t\t<\/figcaption><\/figure>\n\t\t<\/div>\n<\/p>\n<h3>3er a\u00f1o N\u00b0 2<\/h3>\n<hr \/>\n<p><figure id=\"attachment_5685\" aria-describedby=\"caption-attachment-5685\" style=\"width: 300px\" class=\"wp-caption aligncenter\"><a href=\"https:\/\/www.rivera.gub.uy\/social\/wp-content\/uploads\/2020\/08\/Matias-dos-Santos-3\u00b02-sube-scaled.jpg\"><img loading=\"lazy\" decoding=\"async\" class=\"size-medium wp-image-5685\" src=\"https:\/\/www.rivera.gub.uy\/social\/wp-content\/uploads\/2020\/08\/Matias-dos-Santos-3\u00b02-sube-300x205.jpg\" alt=\"\" width=\"300\" height=\"205\" srcset=\"https:\/\/www.rivera.gub.uy\/social\/wp-content\/uploads\/2020\/08\/Matias-dos-Santos-3\u00b02-sube-300x205.jpg 300w, https:\/\/www.rivera.gub.uy\/social\/wp-content\/uploads\/2020\/08\/Matias-dos-Santos-3\u00b02-sube-1024x701.jpg 1024w, https:\/\/www.rivera.gub.uy\/social\/wp-content\/uploads\/2020\/08\/Matias-dos-Santos-3\u00b02-sube-768x526.jpg 768w, https:\/\/www.rivera.gub.uy\/social\/wp-content\/uploads\/2020\/08\/Matias-dos-Santos-3\u00b02-sube-1536x1052.jpg 1536w, https:\/\/www.rivera.gub.uy\/social\/wp-content\/uploads\/2020\/08\/Matias-dos-Santos-3\u00b02-sube-2048x1403.jpg 2048w, https:\/\/www.rivera.gub.uy\/social\/wp-content\/uploads\/2020\/08\/Matias-dos-Santos-3\u00b02-sube-820x562.jpg 820w\" sizes=\"(max-width: 300px) 100vw, 300px\" \/><\/a><figcaption id=\"caption-attachment-5685\" class=\"wp-caption-text\">Autor: Mat\u00edas dos Santos<\/figcaption><\/figure><\/p>\n<h3>3er a\u00f1o N\u00b0 3<\/h3>\n<hr \/>\n<p>&nbsp;<\/p>\n<p><figure id=\"attachment_5686\" aria-describedby=\"caption-attachment-5686\" style=\"width: 225px\" class=\"wp-caption aligncenter\"><a href=\"https:\/\/www.rivera.gub.uy\/social\/wp-content\/uploads\/2020\/08\/Diapositiva1.jpg\"><img loading=\"lazy\" decoding=\"async\" class=\"wp-image-5686 size-medium\" src=\"https:\/\/www.rivera.gub.uy\/social\/wp-content\/uploads\/2020\/08\/Diapositiva1-225x300.jpg\" alt=\"\" width=\"225\" height=\"300\" srcset=\"https:\/\/www.rivera.gub.uy\/social\/wp-content\/uploads\/2020\/08\/Diapositiva1-225x300.jpg 225w, https:\/\/www.rivera.gub.uy\/social\/wp-content\/uploads\/2020\/08\/Diapositiva1.jpg 720w\" sizes=\"(max-width: 225px) 100vw, 225px\" \/><\/a><figcaption id=\"caption-attachment-5686\" class=\"wp-caption-text\">Autor: Mauro Ant\u00fanez Maciel<\/figcaption><\/figure><\/p>\n<p>&nbsp;<\/p>\n<p><iframe loading=\"lazy\" title=\"Proyecto Mario Benedetti - Maite Dos Santos\" width=\"1160\" height=\"870\" src=\"https:\/\/www.youtube.com\/embed\/93sjyeVidJs?feature=oembed\" frameborder=\"0\" allow=\"accelerometer; autoplay; encrypted-media; gyroscope; picture-in-picture\" allowfullscreen><\/iframe><\/p>\n<p>Autor: Maite Dos Santos<\/p>\n<p>&nbsp;<\/p>\n<h3>3er a\u00f1o N\u00b0 5<\/h3>\n<hr \/>\n<p><div id='gallery-2' class='gallery galleryid-5739 gallery-columns-2 gallery-size-medium'><figure class='gallery-item'>\n\t\t\t<div class='gallery-icon landscape'>\n\t\t\t\t<a href='https:\/\/www.rivera.gub.uy\/social\/wp-content\/uploads\/2020\/08\/ELIAS-NAHUEL-ORONA-PEREZ-3\u00ba5-sube-scaled.jpg'><img loading=\"lazy\" decoding=\"async\" width=\"300\" height=\"150\" src=\"https:\/\/www.rivera.gub.uy\/social\/wp-content\/uploads\/2020\/08\/ELIAS-NAHUEL-ORONA-PEREZ-3\u00ba5-sube-300x150.jpg\" class=\"attachment-medium size-medium\" alt=\"\" aria-describedby=\"gallery-2-5687\" srcset=\"https:\/\/www.rivera.gub.uy\/social\/wp-content\/uploads\/2020\/08\/ELIAS-NAHUEL-ORONA-PEREZ-3\u00ba5-sube-300x150.jpg 300w, https:\/\/www.rivera.gub.uy\/social\/wp-content\/uploads\/2020\/08\/ELIAS-NAHUEL-ORONA-PEREZ-3\u00ba5-sube-1024x513.jpg 1024w, https:\/\/www.rivera.gub.uy\/social\/wp-content\/uploads\/2020\/08\/ELIAS-NAHUEL-ORONA-PEREZ-3\u00ba5-sube-768x385.jpg 768w, https:\/\/www.rivera.gub.uy\/social\/wp-content\/uploads\/2020\/08\/ELIAS-NAHUEL-ORONA-PEREZ-3\u00ba5-sube-1536x770.jpg 1536w, https:\/\/www.rivera.gub.uy\/social\/wp-content\/uploads\/2020\/08\/ELIAS-NAHUEL-ORONA-PEREZ-3\u00ba5-sube-2048x1027.jpg 2048w, https:\/\/www.rivera.gub.uy\/social\/wp-content\/uploads\/2020\/08\/ELIAS-NAHUEL-ORONA-PEREZ-3\u00ba5-sube-820x411.jpg 820w\" sizes=\"(max-width: 300px) 100vw, 300px\" \/><\/a>\n\t\t\t<\/div>\n\t\t\t\t<figcaption class='wp-caption-text gallery-caption' id='gallery-2-5687'>\n\t\t\t\tAutor: El\u00edas Nahuel Orona\n\t\t\t\t<\/figcaption><\/figure><figure class='gallery-item'>\n\t\t\t<div class='gallery-icon landscape'>\n\t\t\t\t<a href='https:\/\/www.rivera.gub.uy\/social\/wp-content\/uploads\/2020\/08\/LINA-JIMENA-SANDIN-BRAZ-3\u00ba5-sube.jpg'><img loading=\"lazy\" decoding=\"async\" width=\"300\" height=\"202\" src=\"https:\/\/www.rivera.gub.uy\/social\/wp-content\/uploads\/2020\/08\/LINA-JIMENA-SANDIN-BRAZ-3\u00ba5-sube-300x202.jpg\" class=\"attachment-medium size-medium\" alt=\"\" aria-describedby=\"gallery-2-5688\" srcset=\"https:\/\/www.rivera.gub.uy\/social\/wp-content\/uploads\/2020\/08\/LINA-JIMENA-SANDIN-BRAZ-3\u00ba5-sube-300x202.jpg 300w, https:\/\/www.rivera.gub.uy\/social\/wp-content\/uploads\/2020\/08\/LINA-JIMENA-SANDIN-BRAZ-3\u00ba5-sube-1024x691.jpg 1024w, https:\/\/www.rivera.gub.uy\/social\/wp-content\/uploads\/2020\/08\/LINA-JIMENA-SANDIN-BRAZ-3\u00ba5-sube-768x518.jpg 768w, https:\/\/www.rivera.gub.uy\/social\/wp-content\/uploads\/2020\/08\/LINA-JIMENA-SANDIN-BRAZ-3\u00ba5-sube-1536x1036.jpg 1536w, https:\/\/www.rivera.gub.uy\/social\/wp-content\/uploads\/2020\/08\/LINA-JIMENA-SANDIN-BRAZ-3\u00ba5-sube-820x553.jpg 820w, https:\/\/www.rivera.gub.uy\/social\/wp-content\/uploads\/2020\/08\/LINA-JIMENA-SANDIN-BRAZ-3\u00ba5-sube-272x182.jpg 272w, https:\/\/www.rivera.gub.uy\/social\/wp-content\/uploads\/2020\/08\/LINA-JIMENA-SANDIN-BRAZ-3\u00ba5-sube.jpg 1600w\" sizes=\"(max-width: 300px) 100vw, 300px\" \/><\/a>\n\t\t\t<\/div>\n\t\t\t\t<figcaption class='wp-caption-text gallery-caption' id='gallery-2-5688'>\n\t\t\t\tAutor: Lina Jimena Sand\u00edn\n\t\t\t\t<\/figcaption><\/figure>\n\t\t<\/div>\n<\/p>\n<p><figure id=\"attachment_5192\" aria-describedby=\"caption-attachment-5192\" style=\"width: 150px\" class=\"wp-caption aligncenter\"><a href=\"https:\/\/www.rivera.gub.uy\/social\/wp-content\/uploads\/2020\/08\/Keren.pdf\" target=\"_blank\" rel=\"noopener noreferrer\"><img loading=\"lazy\" decoding=\"async\" class=\"wp-image-5192 size-full\" src=\"https:\/\/www.rivera.gub.uy\/social\/wp-content\/uploads\/2019\/08\/icono-descargarpdf-150x150.png\" alt=\"\" width=\"150\" height=\"150\" \/><\/a><figcaption id=\"caption-attachment-5192\" class=\"wp-caption-text\">Autor: Keren Rosa<\/figcaption><\/figure><\/p>\n<p>&nbsp;<\/p>\n<p><iframe loading=\"lazy\" title=\"Proyecto Mario Benedetti - Selena Chilan\" width=\"1160\" height=\"870\" src=\"https:\/\/www.youtube.com\/embed\/xjW214zmI48?feature=oembed\" frameborder=\"0\" allow=\"accelerometer; autoplay; encrypted-media; gyroscope; picture-in-picture\" allowfullscreen><\/iframe><\/p>\n<p>Autor: Selena Chilan<\/p>\n<p>&nbsp;<\/p>\n<h3>3er a\u00f1o N\u00b0 6<\/h3>\n<hr \/>\n<p><div id='gallery-3' class='gallery galleryid-5739 gallery-columns-3 gallery-size-medium'><figure class='gallery-item'>\n\t\t\t<div class='gallery-icon landscape'>\n\t\t\t\t<a href='https:\/\/www.rivera.gub.uy\/social\/wp-content\/uploads\/2020\/08\/Antonella-Machado-3\u00b06-sube.jpg'><img loading=\"lazy\" decoding=\"async\" width=\"300\" height=\"213\" src=\"https:\/\/www.rivera.gub.uy\/social\/wp-content\/uploads\/2020\/08\/Antonella-Machado-3\u00b06-sube-300x213.jpg\" class=\"attachment-medium size-medium\" alt=\"\" aria-describedby=\"gallery-3-5690\" srcset=\"https:\/\/www.rivera.gub.uy\/social\/wp-content\/uploads\/2020\/08\/Antonella-Machado-3\u00b06-sube-300x213.jpg 300w, https:\/\/www.rivera.gub.uy\/social\/wp-content\/uploads\/2020\/08\/Antonella-Machado-3\u00b06-sube-1024x726.jpg 1024w, https:\/\/www.rivera.gub.uy\/social\/wp-content\/uploads\/2020\/08\/Antonella-Machado-3\u00b06-sube-768x545.jpg 768w, https:\/\/www.rivera.gub.uy\/social\/wp-content\/uploads\/2020\/08\/Antonella-Machado-3\u00b06-sube-820x581.jpg 820w, https:\/\/www.rivera.gub.uy\/social\/wp-content\/uploads\/2020\/08\/Antonella-Machado-3\u00b06-sube.jpg 1495w\" sizes=\"(max-width: 300px) 100vw, 300px\" \/><\/a>\n\t\t\t<\/div>\n\t\t\t\t<figcaption class='wp-caption-text gallery-caption' id='gallery-3-5690'>\n\t\t\t\tAutor: Antonella Machado\n\t\t\t\t<\/figcaption><\/figure><figure class='gallery-item'>\n\t\t\t<div class='gallery-icon portrait'>\n\t\t\t\t<a href='https:\/\/www.rivera.gub.uy\/social\/wp-content\/uploads\/2020\/08\/Juan-Ignacio-Andrade-3\u00b06-sube-scaled.jpg'><img loading=\"lazy\" decoding=\"async\" width=\"244\" height=\"300\" src=\"https:\/\/www.rivera.gub.uy\/social\/wp-content\/uploads\/2020\/08\/Juan-Ignacio-Andrade-3\u00b06-sube-244x300.jpg\" class=\"attachment-medium size-medium\" alt=\"\" aria-describedby=\"gallery-3-5692\" srcset=\"https:\/\/www.rivera.gub.uy\/social\/wp-content\/uploads\/2020\/08\/Juan-Ignacio-Andrade-3\u00b06-sube-244x300.jpg 244w, https:\/\/www.rivera.gub.uy\/social\/wp-content\/uploads\/2020\/08\/Juan-Ignacio-Andrade-3\u00b06-sube-833x1024.jpg 833w, https:\/\/www.rivera.gub.uy\/social\/wp-content\/uploads\/2020\/08\/Juan-Ignacio-Andrade-3\u00b06-sube-768x944.jpg 768w, https:\/\/www.rivera.gub.uy\/social\/wp-content\/uploads\/2020\/08\/Juan-Ignacio-Andrade-3\u00b06-sube-1250x1536.jpg 1250w, https:\/\/www.rivera.gub.uy\/social\/wp-content\/uploads\/2020\/08\/Juan-Ignacio-Andrade-3\u00b06-sube-1667x2048.jpg 1667w, https:\/\/www.rivera.gub.uy\/social\/wp-content\/uploads\/2020\/08\/Juan-Ignacio-Andrade-3\u00b06-sube-820x1008.jpg 820w\" sizes=\"(max-width: 244px) 100vw, 244px\" \/><\/a>\n\t\t\t<\/div>\n\t\t\t\t<figcaption class='wp-caption-text gallery-caption' id='gallery-3-5692'>\n\t\t\t\tAutor: Juan Ignacio Andrade\n\t\t\t\t<\/figcaption><\/figure><figure class='gallery-item'>\n\t\t\t<div class='gallery-icon landscape'>\n\t\t\t\t<a href='https:\/\/www.rivera.gub.uy\/social\/wp-content\/uploads\/2020\/08\/Jessica-Escobar-3\u00b06-sube-scaled.jpg'><img loading=\"lazy\" decoding=\"async\" width=\"300\" height=\"225\" src=\"https:\/\/www.rivera.gub.uy\/social\/wp-content\/uploads\/2020\/08\/Jessica-Escobar-3\u00b06-sube-300x225.jpg\" class=\"attachment-medium size-medium\" alt=\"\" aria-describedby=\"gallery-3-5691\" srcset=\"https:\/\/www.rivera.gub.uy\/social\/wp-content\/uploads\/2020\/08\/Jessica-Escobar-3\u00b06-sube-300x225.jpg 300w, https:\/\/www.rivera.gub.uy\/social\/wp-content\/uploads\/2020\/08\/Jessica-Escobar-3\u00b06-sube-1024x768.jpg 1024w, https:\/\/www.rivera.gub.uy\/social\/wp-content\/uploads\/2020\/08\/Jessica-Escobar-3\u00b06-sube-768x576.jpg 768w, https:\/\/www.rivera.gub.uy\/social\/wp-content\/uploads\/2020\/08\/Jessica-Escobar-3\u00b06-sube-1536x1152.jpg 1536w, https:\/\/www.rivera.gub.uy\/social\/wp-content\/uploads\/2020\/08\/Jessica-Escobar-3\u00b06-sube-2048x1536.jpg 2048w, https:\/\/www.rivera.gub.uy\/social\/wp-content\/uploads\/2020\/08\/Jessica-Escobar-3\u00b06-sube-820x615.jpg 820w\" sizes=\"(max-width: 300px) 100vw, 300px\" \/><\/a>\n\t\t\t<\/div>\n\t\t\t\t<figcaption class='wp-caption-text gallery-caption' id='gallery-3-5691'>\n\t\t\t\tAutor: J\u00e9ssica Escobar\n\t\t\t\t<\/figcaption><\/figure>\n\t\t<\/div>\n<\/p>\n<p><iframe loading=\"lazy\" title=\"Proyecto Mario Benedetti - Florencia Fontoura\" width=\"1160\" height=\"653\" src=\"https:\/\/www.youtube.com\/embed\/rXhXzij05R4?feature=oembed\" frameborder=\"0\" allow=\"accelerometer; autoplay; encrypted-media; gyroscope; picture-in-picture\" allowfullscreen><\/iframe><\/p>\n<p>Autor: Florencia Fontoura<\/p>\n<h3>3er a\u00f1o N\u00b0 7<\/h3>\n<hr \/>\n<p>&nbsp;<\/p>\n<p><!--[if lt IE 9]><script>document.createElement('audio');<\/script><![endif]-->\n<audio class=\"wp-audio-shortcode\" id=\"audio-5739-1\" preload=\"none\" style=\"width: 100%;\" controls=\"controls\"><source type=\"audio\/mpeg\" src=\"https:\/\/mx.ivoox.com\/es\/proyecto-mario-benedetti-3-7_md_55133467_wp_1.mp3?_=1\" \/><a href=\"https:\/\/mx.ivoox.com\/es\/proyecto-mario-benedetti-3-7_md_55133467_wp_1.mp3\">https:\/\/mx.ivoox.com\/es\/proyecto-mario-benedetti-3-7_md_55133467_wp_1.mp3<\/a><\/audio><\/p>\n<p><a title=\"Proyecto Mario Benedetti 3\u00b0 7\" href=\"https:\/\/go.ivoox.com\/rf\/55133467\">Ir a descargar<\/a><\/p>\n<p>Autor: Sebasti\u00e1n Torres Nu\u00f1ez Moraes<\/p>\n<p>&nbsp;<\/p>\n<p><iframe loading=\"lazy\" title=\"Proyecto Mario Benedetti - Mar\u00eda Eugenia Oyamburo\" width=\"1160\" height=\"653\" src=\"https:\/\/www.youtube.com\/embed\/JCMZgRKDcls?feature=oembed\" frameborder=\"0\" allow=\"accelerometer; autoplay; encrypted-media; gyroscope; picture-in-picture\" allowfullscreen><\/iframe><\/p>\n<p>Autor: Mar\u00eda Eugenia Oyamburo<\/p>\n<p><iframe loading=\"lazy\" title=\"Proyecto Mario Benedetti - Sibela Borges\" width=\"1160\" height=\"653\" src=\"https:\/\/www.youtube.com\/embed\/9I80zY4NDoo?feature=oembed\" frameborder=\"0\" allow=\"accelerometer; autoplay; encrypted-media; gyroscope; picture-in-picture\" allowfullscreen><\/iframe><\/p>\n<p>Autor: Sibela Borges<\/p>\n<h3>3er a\u00f1o N\u00b0 8<\/h3>\n<hr \/>\n<p>&nbsp;<\/p>\n<p><audio class=\"wp-audio-shortcode\" id=\"audio-5739-2\" preload=\"none\" style=\"width: 100%;\" controls=\"controls\"><source type=\"audio\/mpeg\" src=\"https:\/\/mx.ivoox.com\/es\/proyecto-mario-benedetti-3-8_md_55133678_wp_1.mp3?_=2\" \/><a href=\"https:\/\/mx.ivoox.com\/es\/proyecto-mario-benedetti-3-8_md_55133678_wp_1.mp3\">https:\/\/mx.ivoox.com\/es\/proyecto-mario-benedetti-3-8_md_55133678_wp_1.mp3<\/a><\/audio><\/p>\n<p><a title=\"Proyecto Mario Benedetti - 3\u00b0 8\" href=\"https:\/\/go.ivoox.com\/rf\/55133678\">Ir a descargar<\/a><\/p>\n<p>Autor: Gregory Matias Lima Rodr\u00edguez.<\/p>\n<p>&nbsp;<\/p>\n<h3>3er a\u00f1o N\u00b0 9<\/h3>\n<hr \/>\n<p>&nbsp;<\/p>\n<p><figure id=\"attachment_5693\" aria-describedby=\"caption-attachment-5693\" style=\"width: 300px\" class=\"wp-caption aligncenter\"><a href=\"https:\/\/www.rivera.gub.uy\/social\/wp-content\/uploads\/2020\/08\/Facundo-Mederos-3\u00b09-sube-scaled.jpg\"><img loading=\"lazy\" decoding=\"async\" class=\"size-medium wp-image-5693\" src=\"https:\/\/www.rivera.gub.uy\/social\/wp-content\/uploads\/2020\/08\/Facundo-Mederos-3\u00b09-sube-300x227.jpg\" alt=\"\" width=\"300\" height=\"227\" srcset=\"https:\/\/www.rivera.gub.uy\/social\/wp-content\/uploads\/2020\/08\/Facundo-Mederos-3\u00b09-sube-300x227.jpg 300w, https:\/\/www.rivera.gub.uy\/social\/wp-content\/uploads\/2020\/08\/Facundo-Mederos-3\u00b09-sube-1024x776.jpg 1024w, https:\/\/www.rivera.gub.uy\/social\/wp-content\/uploads\/2020\/08\/Facundo-Mederos-3\u00b09-sube-768x582.jpg 768w, https:\/\/www.rivera.gub.uy\/social\/wp-content\/uploads\/2020\/08\/Facundo-Mederos-3\u00b09-sube-1536x1164.jpg 1536w, https:\/\/www.rivera.gub.uy\/social\/wp-content\/uploads\/2020\/08\/Facundo-Mederos-3\u00b09-sube-2048x1552.jpg 2048w, https:\/\/www.rivera.gub.uy\/social\/wp-content\/uploads\/2020\/08\/Facundo-Mederos-3\u00b09-sube-820x621.jpg 820w\" sizes=\"(max-width: 300px) 100vw, 300px\" \/><\/a><figcaption id=\"caption-attachment-5693\" class=\"wp-caption-text\">Autor: Facundo Mederos<\/figcaption><\/figure><\/p>\n<p>\t\t<\/div>\n\n\t\t<\/p>\n<p><\/div>\n<p style=\"text-align: center;\">\n","protected":false},"excerpt":{"rendered":"<p>En el marco del D\u00eda Nacional del Libro, celebrado el pasado 26 de mayo, la Biblioteca Artigas conmemor\u00f3 los 100 a\u00f1os del nacimiento de Mario Benedetti. La directora de la biblioteca, Lic. Patricia Cuti, invit\u00f3 a participar a estudiantes de 3\u00b0 a\u00f1o del Liceo N\u00b06 de Rivera, con quienes se elabor\u00f3 un proyecto que toma [&hellip;]<\/p>\n","protected":false},"author":2,"featured_media":5749,"comment_status":"open","ping_status":"open","sticky":false,"template":"","format":"standard","meta":{"footnotes":""},"categories":[8,1],"tags":[319,38,320,17],"_links":{"self":[{"href":"https:\/\/www.rivera.gub.uy\/social\/wp-json\/wp\/v2\/posts\/5739"}],"collection":[{"href":"https:\/\/www.rivera.gub.uy\/social\/wp-json\/wp\/v2\/posts"}],"about":[{"href":"https:\/\/www.rivera.gub.uy\/social\/wp-json\/wp\/v2\/types\/post"}],"author":[{"embeddable":true,"href":"https:\/\/www.rivera.gub.uy\/social\/wp-json\/wp\/v2\/users\/2"}],"replies":[{"embeddable":true,"href":"https:\/\/www.rivera.gub.uy\/social\/wp-json\/wp\/v2\/comments?post=5739"}],"version-history":[{"count":11,"href":"https:\/\/www.rivera.gub.uy\/social\/wp-json\/wp\/v2\/posts\/5739\/revisions"}],"predecessor-version":[{"id":5752,"href":"https:\/\/www.rivera.gub.uy\/social\/wp-json\/wp\/v2\/posts\/5739\/revisions\/5752"}],"wp:featuredmedia":[{"embeddable":true,"href":"https:\/\/www.rivera.gub.uy\/social\/wp-json\/wp\/v2\/media\/5749"}],"wp:attachment":[{"href":"https:\/\/www.rivera.gub.uy\/social\/wp-json\/wp\/v2\/media?parent=5739"}],"wp:term":[{"taxonomy":"category","embeddable":true,"href":"https:\/\/www.rivera.gub.uy\/social\/wp-json\/wp\/v2\/categories?post=5739"},{"taxonomy":"post_tag","embeddable":true,"href":"https:\/\/www.rivera.gub.uy\/social\/wp-json\/wp\/v2\/tags?post=5739"}],"curies":[{"name":"wp","href":"https:\/\/api.w.org\/{rel}","templated":true}]}}