{"id":577,"date":"2017-08-21T15:10:13","date_gmt":"2017-08-21T15:10:13","guid":{"rendered":"http:\/\/rivera.gub.uy\/social\/?p=577"},"modified":"2017-09-04T23:45:09","modified_gmt":"2017-09-04T23:45:09","slug":"ninos-asisten-al-curso-de-guitarra-en-centro-barrial-recreo-zabaleta","status":"publish","type":"post","link":"https:\/\/www.rivera.gub.uy\/social\/ninos-asisten-al-curso-de-guitarra-en-centro-barrial-recreo-zabaleta\/","title":{"rendered":"Ni\u00f1os asisten al Curso de Guitarra en Centro Barrial Recreo &#8211; Zabaleta"},"content":{"rendered":"<p>La DGPAS con el\u00a0Programa Social Centros Barriales \u00abUna visi\u00f3n integradora de la sociedad\u00bb, le lleva a los ni\u00f1os clases de guitarra.<br \/>\n<!--more--><\/p>\n<p>Ni\u00f1os asisten al Curso de Guitarra en Centro Barrial en Recreo- Zabaleta, a trav\u00e9s de Divisi\u00f3n Cultura. El Curso se implementar\u00e1 en los distintos Centros Barriales.<\/p>\n<p>Horario: \u00a0mi\u00e9rcoles de 17 a 18:30 hs.<\/p>\n<p>Responsables: Fabi\u00e1n y Fernando Ribas<\/p>\n","protected":false},"excerpt":{"rendered":"<p>La DGPAS con el\u00a0Programa Social Centros Barriales \u00abUna visi\u00f3n integradora de la sociedad\u00bb, le lleva a los ni\u00f1os clases de guitarra.<\/p>\n","protected":false},"author":7,"featured_media":1035,"comment_status":"open","ping_status":"open","sticky":false,"template":"","format":"standard","meta":{"footnotes":""},"categories":[6,1],"tags":[54,53,52],"_links":{"self":[{"href":"https:\/\/www.rivera.gub.uy\/social\/wp-json\/wp\/v2\/posts\/577"}],"collection":[{"href":"https:\/\/www.rivera.gub.uy\/social\/wp-json\/wp\/v2\/posts"}],"about":[{"href":"https:\/\/www.rivera.gub.uy\/social\/wp-json\/wp\/v2\/types\/post"}],"author":[{"embeddable":true,"href":"https:\/\/www.rivera.gub.uy\/social\/wp-json\/wp\/v2\/users\/7"}],"replies":[{"embeddable":true,"href":"https:\/\/www.rivera.gub.uy\/social\/wp-json\/wp\/v2\/comments?post=577"}],"version-history":[{"count":7,"href":"https:\/\/www.rivera.gub.uy\/social\/wp-json\/wp\/v2\/posts\/577\/revisions"}],"predecessor-version":[{"id":1033,"href":"https:\/\/www.rivera.gub.uy\/social\/wp-json\/wp\/v2\/posts\/577\/revisions\/1033"}],"wp:featuredmedia":[{"embeddable":true,"href":"https:\/\/www.rivera.gub.uy\/social\/wp-json\/wp\/v2\/media\/1035"}],"wp:attachment":[{"href":"https:\/\/www.rivera.gub.uy\/social\/wp-json\/wp\/v2\/media?parent=577"}],"wp:term":[{"taxonomy":"category","embeddable":true,"href":"https:\/\/www.rivera.gub.uy\/social\/wp-json\/wp\/v2\/categories?post=577"},{"taxonomy":"post_tag","embeddable":true,"href":"https:\/\/www.rivera.gub.uy\/social\/wp-json\/wp\/v2\/tags?post=577"}],"curies":[{"name":"wp","href":"https:\/\/api.w.org\/{rel}","templated":true}]}}