{"id":5772,"date":"2020-09-01T23:48:11","date_gmt":"2020-09-01T23:48:11","guid":{"rendered":"https:\/\/www.rivera.gub.uy\/social\/?p=5772"},"modified":"2020-09-01T23:48:11","modified_gmt":"2020-09-01T23:48:11","slug":"el-handball-vuelve-a-la-competencia","status":"publish","type":"post","link":"https:\/\/www.rivera.gub.uy\/social\/el-handball-vuelve-a-la-competencia\/","title":{"rendered":"El Handball vuelve a la competencia"},"content":{"rendered":"<p>J\u00f3venes riverenses que practican Handball con el apoyo de la DGPAS, a trav\u00e9s de la Divisi\u00f3n Deportes, vuelven a la competencia.<\/p>\n<p>El deporte nos une y nos convoca a un mejor futuro.<!--more--><\/p>\n<p><a href=\"https:\/\/www.rivera.gub.uy\/social\/wp-content\/uploads\/2020\/09\/WhatsApp-Image-2020-09-01-at-11.19.25-AM.jpeg\"><img loading=\"lazy\" decoding=\"async\" class=\"aligncenter wp-image-5773 size-large\" src=\"https:\/\/www.rivera.gub.uy\/social\/wp-content\/uploads\/2020\/09\/WhatsApp-Image-2020-09-01-at-11.19.25-AM-746x1024.jpeg\" alt=\"\" width=\"746\" height=\"1024\" srcset=\"https:\/\/www.rivera.gub.uy\/social\/wp-content\/uploads\/2020\/09\/WhatsApp-Image-2020-09-01-at-11.19.25-AM-746x1024.jpeg 746w, https:\/\/www.rivera.gub.uy\/social\/wp-content\/uploads\/2020\/09\/WhatsApp-Image-2020-09-01-at-11.19.25-AM-219x300.jpeg 219w, https:\/\/www.rivera.gub.uy\/social\/wp-content\/uploads\/2020\/09\/WhatsApp-Image-2020-09-01-at-11.19.25-AM-768x1054.jpeg 768w, https:\/\/www.rivera.gub.uy\/social\/wp-content\/uploads\/2020\/09\/WhatsApp-Image-2020-09-01-at-11.19.25-AM-1119x1536.jpeg 1119w, https:\/\/www.rivera.gub.uy\/social\/wp-content\/uploads\/2020\/09\/WhatsApp-Image-2020-09-01-at-11.19.25-AM-820x1125.jpeg 820w, https:\/\/www.rivera.gub.uy\/social\/wp-content\/uploads\/2020\/09\/WhatsApp-Image-2020-09-01-at-11.19.25-AM.jpeg 1166w\" sizes=\"(max-width: 746px) 100vw, 746px\" \/><\/a><\/p>\n","protected":false},"excerpt":{"rendered":"<p>J\u00f3venes riverenses que practican Handball con el apoyo de la DGPAS, a trav\u00e9s de la Divisi\u00f3n Deportes, vuelven a la competencia. El deporte nos une y nos convoca a un mejor futuro.<\/p>\n","protected":false},"author":2,"featured_media":5782,"comment_status":"open","ping_status":"open","sticky":false,"template":"","format":"standard","meta":{"footnotes":""},"categories":[5,1],"tags":[12,76,17],"_links":{"self":[{"href":"https:\/\/www.rivera.gub.uy\/social\/wp-json\/wp\/v2\/posts\/5772"}],"collection":[{"href":"https:\/\/www.rivera.gub.uy\/social\/wp-json\/wp\/v2\/posts"}],"about":[{"href":"https:\/\/www.rivera.gub.uy\/social\/wp-json\/wp\/v2\/types\/post"}],"author":[{"embeddable":true,"href":"https:\/\/www.rivera.gub.uy\/social\/wp-json\/wp\/v2\/users\/2"}],"replies":[{"embeddable":true,"href":"https:\/\/www.rivera.gub.uy\/social\/wp-json\/wp\/v2\/comments?post=5772"}],"version-history":[{"count":1,"href":"https:\/\/www.rivera.gub.uy\/social\/wp-json\/wp\/v2\/posts\/5772\/revisions"}],"predecessor-version":[{"id":5774,"href":"https:\/\/www.rivera.gub.uy\/social\/wp-json\/wp\/v2\/posts\/5772\/revisions\/5774"}],"wp:featuredmedia":[{"embeddable":true,"href":"https:\/\/www.rivera.gub.uy\/social\/wp-json\/wp\/v2\/media\/5782"}],"wp:attachment":[{"href":"https:\/\/www.rivera.gub.uy\/social\/wp-json\/wp\/v2\/media?parent=5772"}],"wp:term":[{"taxonomy":"category","embeddable":true,"href":"https:\/\/www.rivera.gub.uy\/social\/wp-json\/wp\/v2\/categories?post=5772"},{"taxonomy":"post_tag","embeddable":true,"href":"https:\/\/www.rivera.gub.uy\/social\/wp-json\/wp\/v2\/tags?post=5772"}],"curies":[{"name":"wp","href":"https:\/\/api.w.org\/{rel}","templated":true}]}}