{"id":5775,"date":"2020-09-01T17:55:10","date_gmt":"2020-09-01T17:55:10","guid":{"rendered":"https:\/\/www.rivera.gub.uy\/social\/?p=5775"},"modified":"2020-09-01T17:55:10","modified_gmt":"2020-09-01T17:55:10","slug":"montaje-del-muelle-en-el-lago-del-parque-gran-bretana","status":"publish","type":"post","link":"https:\/\/www.rivera.gub.uy\/social\/montaje-del-muelle-en-el-lago-del-parque-gran-bretana\/","title":{"rendered":"Montaje del muelle en el lago del parque Gran Breta\u00f1a"},"content":{"rendered":"<p>Amigos del remo riverense y funcionarios de la Divisi\u00f3n Deportes, participaron de los trabajos de montaje del muelle flotante realizado por alumnos del curso de herrer\u00eda de la DGPAS.<!--more--><br \/>\nIntegrados, nos involucramos en el mantenimiento constante de la infraestructura y arreglo de botes de remo, en el lago del parque Gran Breta\u00f1a.<\/p>\n<p>El deporte nos une y nos convoca a un mejor futuro.<\/p>\n<p>&nbsp;<\/p>\n<div id='gallery-1' class='gallery galleryid-5775 gallery-columns-3 gallery-size-medium'><figure class='gallery-item'>\n\t\t\t<div class='gallery-icon landscape'>\n\t\t\t\t<a href='https:\/\/www.rivera.gub.uy\/social\/wp-content\/uploads\/2020\/09\/WhatsApp-Image-2020-09-01-at-1.50.12-PM-1.jpeg'><img loading=\"lazy\" decoding=\"async\" width=\"300\" height=\"169\" src=\"https:\/\/www.rivera.gub.uy\/social\/wp-content\/uploads\/2020\/09\/WhatsApp-Image-2020-09-01-at-1.50.12-PM-1-300x169.jpeg\" class=\"attachment-medium size-medium\" alt=\"\" srcset=\"https:\/\/www.rivera.gub.uy\/social\/wp-content\/uploads\/2020\/09\/WhatsApp-Image-2020-09-01-at-1.50.12-PM-1-300x169.jpeg 300w, https:\/\/www.rivera.gub.uy\/social\/wp-content\/uploads\/2020\/09\/WhatsApp-Image-2020-09-01-at-1.50.12-PM-1-1024x576.jpeg 1024w, https:\/\/www.rivera.gub.uy\/social\/wp-content\/uploads\/2020\/09\/WhatsApp-Image-2020-09-01-at-1.50.12-PM-1-768x432.jpeg 768w, https:\/\/www.rivera.gub.uy\/social\/wp-content\/uploads\/2020\/09\/WhatsApp-Image-2020-09-01-at-1.50.12-PM-1-1536x864.jpeg 1536w, https:\/\/www.rivera.gub.uy\/social\/wp-content\/uploads\/2020\/09\/WhatsApp-Image-2020-09-01-at-1.50.12-PM-1-820x461.jpeg 820w, https:\/\/www.rivera.gub.uy\/social\/wp-content\/uploads\/2020\/09\/WhatsApp-Image-2020-09-01-at-1.50.12-PM-1.jpeg 1600w\" sizes=\"(max-width: 300px) 100vw, 300px\" \/><\/a>\n\t\t\t<\/div><\/figure><figure class='gallery-item'>\n\t\t\t<div class='gallery-icon landscape'>\n\t\t\t\t<a href='https:\/\/www.rivera.gub.uy\/social\/wp-content\/uploads\/2020\/09\/WhatsApp-Image-2020-09-01-at-1.50.12-PM.jpeg'><img loading=\"lazy\" decoding=\"async\" width=\"300\" height=\"169\" src=\"https:\/\/www.rivera.gub.uy\/social\/wp-content\/uploads\/2020\/09\/WhatsApp-Image-2020-09-01-at-1.50.12-PM-300x169.jpeg\" class=\"attachment-medium size-medium\" alt=\"\" srcset=\"https:\/\/www.rivera.gub.uy\/social\/wp-content\/uploads\/2020\/09\/WhatsApp-Image-2020-09-01-at-1.50.12-PM-300x169.jpeg 300w, https:\/\/www.rivera.gub.uy\/social\/wp-content\/uploads\/2020\/09\/WhatsApp-Image-2020-09-01-at-1.50.12-PM-1024x576.jpeg 1024w, https:\/\/www.rivera.gub.uy\/social\/wp-content\/uploads\/2020\/09\/WhatsApp-Image-2020-09-01-at-1.50.12-PM-768x432.jpeg 768w, https:\/\/www.rivera.gub.uy\/social\/wp-content\/uploads\/2020\/09\/WhatsApp-Image-2020-09-01-at-1.50.12-PM-820x462.jpeg 820w, https:\/\/www.rivera.gub.uy\/social\/wp-content\/uploads\/2020\/09\/WhatsApp-Image-2020-09-01-at-1.50.12-PM.jpeg 1295w\" sizes=\"(max-width: 300px) 100vw, 300px\" \/><\/a>\n\t\t\t<\/div><\/figure><figure class='gallery-item'>\n\t\t\t<div class='gallery-icon landscape'>\n\t\t\t\t<a href='https:\/\/www.rivera.gub.uy\/social\/wp-content\/uploads\/2020\/09\/WhatsApp-Image-2020-09-01-at-1.50.13-PM.jpeg'><img loading=\"lazy\" decoding=\"async\" width=\"300\" height=\"169\" src=\"https:\/\/www.rivera.gub.uy\/social\/wp-content\/uploads\/2020\/09\/WhatsApp-Image-2020-09-01-at-1.50.13-PM-300x169.jpeg\" class=\"attachment-medium size-medium\" alt=\"\" srcset=\"https:\/\/www.rivera.gub.uy\/social\/wp-content\/uploads\/2020\/09\/WhatsApp-Image-2020-09-01-at-1.50.13-PM-300x169.jpeg 300w, https:\/\/www.rivera.gub.uy\/social\/wp-content\/uploads\/2020\/09\/WhatsApp-Image-2020-09-01-at-1.50.13-PM-1024x576.jpeg 1024w, https:\/\/www.rivera.gub.uy\/social\/wp-content\/uploads\/2020\/09\/WhatsApp-Image-2020-09-01-at-1.50.13-PM-768x432.jpeg 768w, https:\/\/www.rivera.gub.uy\/social\/wp-content\/uploads\/2020\/09\/WhatsApp-Image-2020-09-01-at-1.50.13-PM-1536x864.jpeg 1536w, https:\/\/www.rivera.gub.uy\/social\/wp-content\/uploads\/2020\/09\/WhatsApp-Image-2020-09-01-at-1.50.13-PM-820x461.jpeg 820w, https:\/\/www.rivera.gub.uy\/social\/wp-content\/uploads\/2020\/09\/WhatsApp-Image-2020-09-01-at-1.50.13-PM.jpeg 1600w\" sizes=\"(max-width: 300px) 100vw, 300px\" \/><\/a>\n\t\t\t<\/div><\/figure>\n\t\t<\/div>\n\n<p>&nbsp;<\/p>\n","protected":false},"excerpt":{"rendered":"<p>Amigos del remo riverense y funcionarios de la Divisi\u00f3n Deportes, participaron de los trabajos de montaje del muelle flotante realizado por alumnos del curso de herrer\u00eda de la DGPAS.<\/p>\n","protected":false},"author":2,"featured_media":5780,"comment_status":"open","ping_status":"open","sticky":false,"template":"","format":"standard","meta":{"footnotes":""},"categories":[5,1],"tags":[321,12,38,313,312,17],"_links":{"self":[{"href":"https:\/\/www.rivera.gub.uy\/social\/wp-json\/wp\/v2\/posts\/5775"}],"collection":[{"href":"https:\/\/www.rivera.gub.uy\/social\/wp-json\/wp\/v2\/posts"}],"about":[{"href":"https:\/\/www.rivera.gub.uy\/social\/wp-json\/wp\/v2\/types\/post"}],"author":[{"embeddable":true,"href":"https:\/\/www.rivera.gub.uy\/social\/wp-json\/wp\/v2\/users\/2"}],"replies":[{"embeddable":true,"href":"https:\/\/www.rivera.gub.uy\/social\/wp-json\/wp\/v2\/comments?post=5775"}],"version-history":[{"count":2,"href":"https:\/\/www.rivera.gub.uy\/social\/wp-json\/wp\/v2\/posts\/5775\/revisions"}],"predecessor-version":[{"id":5781,"href":"https:\/\/www.rivera.gub.uy\/social\/wp-json\/wp\/v2\/posts\/5775\/revisions\/5781"}],"wp:featuredmedia":[{"embeddable":true,"href":"https:\/\/www.rivera.gub.uy\/social\/wp-json\/wp\/v2\/media\/5780"}],"wp:attachment":[{"href":"https:\/\/www.rivera.gub.uy\/social\/wp-json\/wp\/v2\/media?parent=5775"}],"wp:term":[{"taxonomy":"category","embeddable":true,"href":"https:\/\/www.rivera.gub.uy\/social\/wp-json\/wp\/v2\/categories?post=5775"},{"taxonomy":"post_tag","embeddable":true,"href":"https:\/\/www.rivera.gub.uy\/social\/wp-json\/wp\/v2\/tags?post=5775"}],"curies":[{"name":"wp","href":"https:\/\/api.w.org\/{rel}","templated":true}]}}