{"id":5783,"date":"2020-09-08T12:07:15","date_gmt":"2020-09-08T12:07:15","guid":{"rendered":"https:\/\/www.rivera.gub.uy\/social\/?p=5783"},"modified":"2020-09-08T12:07:15","modified_gmt":"2020-09-08T12:07:15","slug":"handball-riverense","status":"publish","type":"post","link":"https:\/\/www.rivera.gub.uy\/social\/handball-riverense\/","title":{"rendered":"Handball riverense"},"content":{"rendered":"<p>El handball riverense, bajo el comando de Gustavo Laclau, inicia la temporada de balonmano a buen pie, gan\u00e1ndole a Torrente (21&#215;11) en la capital del pa\u00eds.<\/p>\n<p>Apoya Direcci\u00f3n General de Promoci\u00f3n y Acci\u00f3n Social, a trav\u00e9s de su Divisi\u00f3n Deportes, junto a los Amigos del Deporte de Rivera.<\/p>\n<p>El deporte nos une y nos convoca a un mejor futuro.<\/p>\n","protected":false},"excerpt":{"rendered":"<p>El handball riverense, bajo el comando de Gustavo Laclau, inicia la temporada de balonmano a buen pie, gan\u00e1ndole a Torrente (21&#215;11) en la capital del pa\u00eds. Apoya Direcci\u00f3n General de Promoci\u00f3n y Acci\u00f3n Social, a trav\u00e9s de su Divisi\u00f3n Deportes, junto a los Amigos del Deporte de Rivera. El deporte nos une y nos convoca [&hellip;]<\/p>\n","protected":false},"author":2,"featured_media":5784,"comment_status":"open","ping_status":"open","sticky":false,"template":"","format":"standard","meta":{"footnotes":""},"categories":[5,1],"tags":[12,76,38,17],"_links":{"self":[{"href":"https:\/\/www.rivera.gub.uy\/social\/wp-json\/wp\/v2\/posts\/5783"}],"collection":[{"href":"https:\/\/www.rivera.gub.uy\/social\/wp-json\/wp\/v2\/posts"}],"about":[{"href":"https:\/\/www.rivera.gub.uy\/social\/wp-json\/wp\/v2\/types\/post"}],"author":[{"embeddable":true,"href":"https:\/\/www.rivera.gub.uy\/social\/wp-json\/wp\/v2\/users\/2"}],"replies":[{"embeddable":true,"href":"https:\/\/www.rivera.gub.uy\/social\/wp-json\/wp\/v2\/comments?post=5783"}],"version-history":[{"count":1,"href":"https:\/\/www.rivera.gub.uy\/social\/wp-json\/wp\/v2\/posts\/5783\/revisions"}],"predecessor-version":[{"id":5785,"href":"https:\/\/www.rivera.gub.uy\/social\/wp-json\/wp\/v2\/posts\/5783\/revisions\/5785"}],"wp:featuredmedia":[{"embeddable":true,"href":"https:\/\/www.rivera.gub.uy\/social\/wp-json\/wp\/v2\/media\/5784"}],"wp:attachment":[{"href":"https:\/\/www.rivera.gub.uy\/social\/wp-json\/wp\/v2\/media?parent=5783"}],"wp:term":[{"taxonomy":"category","embeddable":true,"href":"https:\/\/www.rivera.gub.uy\/social\/wp-json\/wp\/v2\/categories?post=5783"},{"taxonomy":"post_tag","embeddable":true,"href":"https:\/\/www.rivera.gub.uy\/social\/wp-json\/wp\/v2\/tags?post=5783"}],"curies":[{"name":"wp","href":"https:\/\/api.w.org\/{rel}","templated":true}]}}