{"id":5786,"date":"2020-09-08T14:09:47","date_gmt":"2020-09-08T14:09:47","guid":{"rendered":"https:\/\/www.rivera.gub.uy\/social\/?p=5786"},"modified":"2020-09-08T14:10:00","modified_gmt":"2020-09-08T14:10:00","slug":"reactivan-las-actividades-del-ciclismo-riverense","status":"publish","type":"post","link":"https:\/\/www.rivera.gub.uy\/social\/reactivan-las-actividades-del-ciclismo-riverense\/","title":{"rendered":"\u00a1Reactivan las actividades del ciclismo riverense!"},"content":{"rendered":"<p>En el aut\u00f3dromo Eduardo P. Cabrera se realiz\u00f3 un entrenamiento controlado con la participaci\u00f3n de treinta ciclistas, bajo estricto protocolo de seguridad sanitaria, organizado por LICIDERI (Liga de ciclismo departamental de Rivera).<\/p>\n<p>Apoya la Direcci\u00f3n General de Promoci\u00f3n y Acci\u00f3n Social de la Intendencia Departamental de Rivera, a trav\u00e9s de su Divisi\u00f3n Deportes.<!--more--><\/p>\n<p>&nbsp;<\/p>\n<div id='gallery-1' class='gallery galleryid-5786 gallery-columns-3 gallery-size-medium'><figure class='gallery-item'>\n\t\t\t<div class='gallery-icon landscape'>\n\t\t\t\t<a href='https:\/\/www.rivera.gub.uy\/social\/wp-content\/uploads\/2020\/09\/WhatsApp-Image-2020-09-08-at-8.58.03-AM.jpeg'><img loading=\"lazy\" decoding=\"async\" width=\"300\" height=\"169\" src=\"https:\/\/www.rivera.gub.uy\/social\/wp-content\/uploads\/2020\/09\/WhatsApp-Image-2020-09-08-at-8.58.03-AM-300x169.jpeg\" class=\"attachment-medium size-medium\" alt=\"\" srcset=\"https:\/\/www.rivera.gub.uy\/social\/wp-content\/uploads\/2020\/09\/WhatsApp-Image-2020-09-08-at-8.58.03-AM-300x169.jpeg 300w, https:\/\/www.rivera.gub.uy\/social\/wp-content\/uploads\/2020\/09\/WhatsApp-Image-2020-09-08-at-8.58.03-AM-768x432.jpeg 768w, https:\/\/www.rivera.gub.uy\/social\/wp-content\/uploads\/2020\/09\/WhatsApp-Image-2020-09-08-at-8.58.03-AM-820x461.jpeg 820w, https:\/\/www.rivera.gub.uy\/social\/wp-content\/uploads\/2020\/09\/WhatsApp-Image-2020-09-08-at-8.58.03-AM.jpeg 1024w\" sizes=\"(max-width: 300px) 100vw, 300px\" \/><\/a>\n\t\t\t<\/div><\/figure><figure class='gallery-item'>\n\t\t\t<div class='gallery-icon landscape'>\n\t\t\t\t<a href='https:\/\/www.rivera.gub.uy\/social\/wp-content\/uploads\/2020\/09\/WhatsApp-Image-2020-09-08-at-8.58.04-AM-1.jpeg'><img loading=\"lazy\" decoding=\"async\" width=\"300\" height=\"169\" src=\"https:\/\/www.rivera.gub.uy\/social\/wp-content\/uploads\/2020\/09\/WhatsApp-Image-2020-09-08-at-8.58.04-AM-1-300x169.jpeg\" class=\"attachment-medium size-medium\" alt=\"\" srcset=\"https:\/\/www.rivera.gub.uy\/social\/wp-content\/uploads\/2020\/09\/WhatsApp-Image-2020-09-08-at-8.58.04-AM-1-300x169.jpeg 300w, https:\/\/www.rivera.gub.uy\/social\/wp-content\/uploads\/2020\/09\/WhatsApp-Image-2020-09-08-at-8.58.04-AM-1-768x432.jpeg 768w, https:\/\/www.rivera.gub.uy\/social\/wp-content\/uploads\/2020\/09\/WhatsApp-Image-2020-09-08-at-8.58.04-AM-1-820x461.jpeg 820w, https:\/\/www.rivera.gub.uy\/social\/wp-content\/uploads\/2020\/09\/WhatsApp-Image-2020-09-08-at-8.58.04-AM-1.jpeg 1004w\" sizes=\"(max-width: 300px) 100vw, 300px\" \/><\/a>\n\t\t\t<\/div><\/figure><figure class='gallery-item'>\n\t\t\t<div class='gallery-icon landscape'>\n\t\t\t\t<a href='https:\/\/www.rivera.gub.uy\/social\/wp-content\/uploads\/2020\/09\/WhatsApp-Image-2020-09-08-at-8.58.04-AM.jpeg'><img loading=\"lazy\" decoding=\"async\" width=\"300\" height=\"169\" src=\"https:\/\/www.rivera.gub.uy\/social\/wp-content\/uploads\/2020\/09\/WhatsApp-Image-2020-09-08-at-8.58.04-AM-300x169.jpeg\" class=\"attachment-medium size-medium\" alt=\"\" srcset=\"https:\/\/www.rivera.gub.uy\/social\/wp-content\/uploads\/2020\/09\/WhatsApp-Image-2020-09-08-at-8.58.04-AM-300x169.jpeg 300w, https:\/\/www.rivera.gub.uy\/social\/wp-content\/uploads\/2020\/09\/WhatsApp-Image-2020-09-08-at-8.58.04-AM-768x432.jpeg 768w, https:\/\/www.rivera.gub.uy\/social\/wp-content\/uploads\/2020\/09\/WhatsApp-Image-2020-09-08-at-8.58.04-AM-820x461.jpeg 820w, https:\/\/www.rivera.gub.uy\/social\/wp-content\/uploads\/2020\/09\/WhatsApp-Image-2020-09-08-at-8.58.04-AM.jpeg 1024w\" sizes=\"(max-width: 300px) 100vw, 300px\" \/><\/a>\n\t\t\t<\/div><\/figure>\n\t\t<\/div>\n\n","protected":false},"excerpt":{"rendered":"<p>En el aut\u00f3dromo Eduardo P. Cabrera se realiz\u00f3 un entrenamiento controlado con la participaci\u00f3n de treinta ciclistas, bajo estricto protocolo de seguridad sanitaria, organizado por LICIDERI (Liga de ciclismo departamental de Rivera). Apoya la Direcci\u00f3n General de Promoci\u00f3n y Acci\u00f3n Social de la Intendencia Departamental de Rivera, a trav\u00e9s de su Divisi\u00f3n Deportes.<\/p>\n","protected":false},"author":2,"featured_media":5787,"comment_status":"open","ping_status":"open","sticky":false,"template":"","format":"standard","meta":{"footnotes":""},"categories":[5,1,7],"tags":[322,62,173,17],"_links":{"self":[{"href":"https:\/\/www.rivera.gub.uy\/social\/wp-json\/wp\/v2\/posts\/5786"}],"collection":[{"href":"https:\/\/www.rivera.gub.uy\/social\/wp-json\/wp\/v2\/posts"}],"about":[{"href":"https:\/\/www.rivera.gub.uy\/social\/wp-json\/wp\/v2\/types\/post"}],"author":[{"embeddable":true,"href":"https:\/\/www.rivera.gub.uy\/social\/wp-json\/wp\/v2\/users\/2"}],"replies":[{"embeddable":true,"href":"https:\/\/www.rivera.gub.uy\/social\/wp-json\/wp\/v2\/comments?post=5786"}],"version-history":[{"count":1,"href":"https:\/\/www.rivera.gub.uy\/social\/wp-json\/wp\/v2\/posts\/5786\/revisions"}],"predecessor-version":[{"id":5790,"href":"https:\/\/www.rivera.gub.uy\/social\/wp-json\/wp\/v2\/posts\/5786\/revisions\/5790"}],"wp:featuredmedia":[{"embeddable":true,"href":"https:\/\/www.rivera.gub.uy\/social\/wp-json\/wp\/v2\/media\/5787"}],"wp:attachment":[{"href":"https:\/\/www.rivera.gub.uy\/social\/wp-json\/wp\/v2\/media?parent=5786"}],"wp:term":[{"taxonomy":"category","embeddable":true,"href":"https:\/\/www.rivera.gub.uy\/social\/wp-json\/wp\/v2\/categories?post=5786"},{"taxonomy":"post_tag","embeddable":true,"href":"https:\/\/www.rivera.gub.uy\/social\/wp-json\/wp\/v2\/tags?post=5786"}],"curies":[{"name":"wp","href":"https:\/\/api.w.org\/{rel}","templated":true}]}}