{"id":5791,"date":"2020-09-14T12:24:04","date_gmt":"2020-09-14T12:24:04","guid":{"rendered":"https:\/\/www.rivera.gub.uy\/social\/?p=5791"},"modified":"2020-09-14T12:24:10","modified_gmt":"2020-09-14T12:24:10","slug":"en-homenaje-a-mario-benedetti-en-su-centenario-se-estrena-nueva-version-de-te-quiero-en-canto-coral","status":"publish","type":"post","link":"https:\/\/www.rivera.gub.uy\/social\/en-homenaje-a-mario-benedetti-en-su-centenario-se-estrena-nueva-version-de-te-quiero-en-canto-coral\/","title":{"rendered":"En homenaje a Mario Benedetti en su centenario se estrena nueva versi\u00f3n de \u201cTE QUIERO\u201d en canto coral"},"content":{"rendered":"<p>Por iniciativa de la Fundaci\u00f3n Benedetti y el compositor Alberto Favero, autor de la m\u00fasica original de la canci\u00f3n (1972), se reunieron virtualmente 54 agrupaciones corales de Am\u00e9rica Latina bajo la direcci\u00f3n final del Mtro. Ra\u00fal Fritzche, conformaron el Coro de las Am\u00e9ricas y presentan una renovada \u201cTe quiero\u201d.<!--more--><br \/>\nLa idea parti\u00f3 de Buenos Aires y fructific\u00f3 en 9 pa\u00edses: Argentina, Uruguay, Brasil, Costa Rica, M\u00e9xico, Venezuela, Colombia, Rep\u00fablica Dominicana y El Salvador.<\/p>\n<p>Entre las participaciones uruguayas est\u00e1 el Coro Municipal de Rivera \u201cVoces de mi ciudad\u201d, que dirige la Prof. Teresita Ribeiro.<\/p>\n<p>&nbsp;<\/p>\n<p><a href=\"https:\/\/www.rivera.gub.uy\/social\/wp-content\/uploads\/2020\/09\/WhatsApp-Image-2020-09-14-at-8.28.37-AM.jpeg\"><img loading=\"lazy\" decoding=\"async\" class=\"aligncenter size-medium wp-image-5792\" src=\"https:\/\/www.rivera.gub.uy\/social\/wp-content\/uploads\/2020\/09\/WhatsApp-Image-2020-09-14-at-8.28.37-AM-300x300.jpeg\" alt=\"\" width=\"300\" height=\"300\" srcset=\"https:\/\/www.rivera.gub.uy\/social\/wp-content\/uploads\/2020\/09\/WhatsApp-Image-2020-09-14-at-8.28.37-AM-300x300.jpeg 300w, https:\/\/www.rivera.gub.uy\/social\/wp-content\/uploads\/2020\/09\/WhatsApp-Image-2020-09-14-at-8.28.37-AM-1024x1024.jpeg 1024w, https:\/\/www.rivera.gub.uy\/social\/wp-content\/uploads\/2020\/09\/WhatsApp-Image-2020-09-14-at-8.28.37-AM-150x150.jpeg 150w, https:\/\/www.rivera.gub.uy\/social\/wp-content\/uploads\/2020\/09\/WhatsApp-Image-2020-09-14-at-8.28.37-AM-768x768.jpeg 768w, https:\/\/www.rivera.gub.uy\/social\/wp-content\/uploads\/2020\/09\/WhatsApp-Image-2020-09-14-at-8.28.37-AM-820x820.jpeg 820w, https:\/\/www.rivera.gub.uy\/social\/wp-content\/uploads\/2020\/09\/WhatsApp-Image-2020-09-14-at-8.28.37-AM.jpeg 1200w\" sizes=\"(max-width: 300px) 100vw, 300px\" \/><\/a><\/p>\n<p>&nbsp;<\/p>\n","protected":false},"excerpt":{"rendered":"<p>Por iniciativa de la Fundaci\u00f3n Benedetti y el compositor Alberto Favero, autor de la m\u00fasica original de la canci\u00f3n (1972), se reunieron virtualmente 54 agrupaciones corales de Am\u00e9rica Latina bajo la direcci\u00f3n final del Mtro. Ra\u00fal Fritzche, conformaron el Coro de las Am\u00e9ricas y presentan una renovada \u201cTe quiero\u201d.<\/p>\n","protected":false},"author":2,"featured_media":5793,"comment_status":"open","ping_status":"open","sticky":false,"template":"","format":"standard","meta":{"footnotes":""},"categories":[8,1],"tags":[319,324,323,17],"_links":{"self":[{"href":"https:\/\/www.rivera.gub.uy\/social\/wp-json\/wp\/v2\/posts\/5791"}],"collection":[{"href":"https:\/\/www.rivera.gub.uy\/social\/wp-json\/wp\/v2\/posts"}],"about":[{"href":"https:\/\/www.rivera.gub.uy\/social\/wp-json\/wp\/v2\/types\/post"}],"author":[{"embeddable":true,"href":"https:\/\/www.rivera.gub.uy\/social\/wp-json\/wp\/v2\/users\/2"}],"replies":[{"embeddable":true,"href":"https:\/\/www.rivera.gub.uy\/social\/wp-json\/wp\/v2\/comments?post=5791"}],"version-history":[{"count":1,"href":"https:\/\/www.rivera.gub.uy\/social\/wp-json\/wp\/v2\/posts\/5791\/revisions"}],"predecessor-version":[{"id":5794,"href":"https:\/\/www.rivera.gub.uy\/social\/wp-json\/wp\/v2\/posts\/5791\/revisions\/5794"}],"wp:featuredmedia":[{"embeddable":true,"href":"https:\/\/www.rivera.gub.uy\/social\/wp-json\/wp\/v2\/media\/5793"}],"wp:attachment":[{"href":"https:\/\/www.rivera.gub.uy\/social\/wp-json\/wp\/v2\/media?parent=5791"}],"wp:term":[{"taxonomy":"category","embeddable":true,"href":"https:\/\/www.rivera.gub.uy\/social\/wp-json\/wp\/v2\/categories?post=5791"},{"taxonomy":"post_tag","embeddable":true,"href":"https:\/\/www.rivera.gub.uy\/social\/wp-json\/wp\/v2\/tags?post=5791"}],"curies":[{"name":"wp","href":"https:\/\/api.w.org\/{rel}","templated":true}]}}