{"id":5799,"date":"2020-09-21T17:20:06","date_gmt":"2020-09-21T17:20:06","guid":{"rendered":"https:\/\/www.rivera.gub.uy\/social\/?p=5799"},"modified":"2020-09-21T17:20:14","modified_gmt":"2020-09-21T17:20:14","slug":"rivera-rema","status":"publish","type":"post","link":"https:\/\/www.rivera.gub.uy\/social\/rivera-rema\/","title":{"rendered":"Rivera Rema"},"content":{"rendered":"<p>El proyecto \u00abRivera Rema\u00bb recibi\u00f3 un par de remos cortos para el bote single, gesti\u00f3n realizada por el asesor de la Divisi\u00f3n Deportes Quique Belo.<\/p>\n<p>Donaci\u00f3n realizada por parte de Fernando Ucha, presidente de la Federaci\u00f3n Panamericana de Remo.<\/p>\n<p>El deporte nos une y nos convoca a un mejor futuro.<\/p>\n","protected":false},"excerpt":{"rendered":"<p>El proyecto \u00abRivera Rema\u00bb recibi\u00f3 un par de remos cortos para el bote single, gesti\u00f3n realizada por el asesor de la Divisi\u00f3n Deportes Quique Belo. Donaci\u00f3n realizada por parte de Fernando Ucha, presidente de la Federaci\u00f3n Panamericana de Remo. El deporte nos une y nos convoca a un mejor futuro.<\/p>\n","protected":false},"author":2,"featured_media":5800,"comment_status":"open","ping_status":"open","sticky":false,"template":"","format":"standard","meta":{"footnotes":""},"categories":[5,1],"tags":[],"_links":{"self":[{"href":"https:\/\/www.rivera.gub.uy\/social\/wp-json\/wp\/v2\/posts\/5799"}],"collection":[{"href":"https:\/\/www.rivera.gub.uy\/social\/wp-json\/wp\/v2\/posts"}],"about":[{"href":"https:\/\/www.rivera.gub.uy\/social\/wp-json\/wp\/v2\/types\/post"}],"author":[{"embeddable":true,"href":"https:\/\/www.rivera.gub.uy\/social\/wp-json\/wp\/v2\/users\/2"}],"replies":[{"embeddable":true,"href":"https:\/\/www.rivera.gub.uy\/social\/wp-json\/wp\/v2\/comments?post=5799"}],"version-history":[{"count":1,"href":"https:\/\/www.rivera.gub.uy\/social\/wp-json\/wp\/v2\/posts\/5799\/revisions"}],"predecessor-version":[{"id":5801,"href":"https:\/\/www.rivera.gub.uy\/social\/wp-json\/wp\/v2\/posts\/5799\/revisions\/5801"}],"wp:featuredmedia":[{"embeddable":true,"href":"https:\/\/www.rivera.gub.uy\/social\/wp-json\/wp\/v2\/media\/5800"}],"wp:attachment":[{"href":"https:\/\/www.rivera.gub.uy\/social\/wp-json\/wp\/v2\/media?parent=5799"}],"wp:term":[{"taxonomy":"category","embeddable":true,"href":"https:\/\/www.rivera.gub.uy\/social\/wp-json\/wp\/v2\/categories?post=5799"},{"taxonomy":"post_tag","embeddable":true,"href":"https:\/\/www.rivera.gub.uy\/social\/wp-json\/wp\/v2\/tags?post=5799"}],"curies":[{"name":"wp","href":"https:\/\/api.w.org\/{rel}","templated":true}]}}